{"id":6632,"date":"2022-06-17T07:55:00","date_gmt":"2022-06-17T11:55:00","guid":{"rendered":"https:\/\/www.semanariolocal.cl\/?p=6632"},"modified":"2022-06-16T22:27:48","modified_gmt":"2022-06-17T02:27:48","slug":"chiloe-con-270-millones-iran-en-ayuda-de-personas-en-situacion-de-calle-de-la-provincia","status":"publish","type":"post","link":"https:\/\/www.semanariolocal.cl\/?p=6632","title":{"rendered":"Chilo\u00e9: con $270 millones ir\u00e1n en ayuda de personas en situaci\u00f3n de calle de la provincia"},"content":{"rendered":"\n<p class=\"wp-block-paragraph\">Ante el crudo invierno y las bajas temperaturas, el Gobierno desde el Ministerio de Desarrollo Social y Familia dispuso de una importante inversi\u00f3n que alcanza los $272.400.000, para el programa Noche Digna que va en directo apoyo de las personas en situaci\u00f3n de calle, anuncio realizado por la delegada presidencial provincial Mariela N\u00fa\u00f1ez y el seremi de Desarrollo Social, Enzo Jaramillo.<\/p>\n\n\n\n<p class=\"wp-block-paragraph\">De esta forma en la provincia de Chilo\u00e9 a partir del mes de julio, abrir\u00e1n sus puertas dos albergues, uno en Ancud con una capacidad de atenci\u00f3n para 20 personas, el que estar\u00e1 a cargo de la Municipalidad y otro en Castro para el mismo n\u00famero de usuarios que ejecutar\u00e1 la Delegaci\u00f3n Presidencial Provincial de Chilo\u00e9 y que funcionar\u00e1 en las dependencias del Obispado ubicadas en calle Monjitas. Cada albergue contar\u00e1 con una inversi\u00f3n de 57 millones de pesos para su funcionamiento.<\/p>\n\n\n\n<p class=\"wp-block-paragraph\">\u201cQueremos destacar el compromiso del Gobierno del presidente Gabriel Boric para apoyar a todas las personas, independiente de su condici\u00f3n u origen. Hoy estamos fortaleciendo el compromiso de ir en ayuda de quienes est\u00e1n en condiciones de mayor vulnerabilidad. Es por esto que el equipo de la Delegaci\u00f3n Presidencial Provincial de Chilo\u00e9 tendr\u00e1 bajo su tutela y contratar\u00e1 a un equipo de personas, para implementar un albergue en la comuna de Castro, adem\u00e1s convocaremos a una mesa de trabajo con importantes actores locales tales como Carabineros, Autoridad Sanitaria, Hospital, Municipio, Hogar de Cristo, Senda, entre otros\u201d, precis\u00f3 la delegada Mariela N\u00fa\u00f1ez.<\/p>\n\n\n\n<p class=\"wp-block-paragraph\">A lo anterior se sumar\u00e1 tambi\u00e9n la Ruta Calle, dispositivo ambulatorio que entregar\u00e1 prestaciones de alimentaci\u00f3n, higiene y\/abrigo. Este se realizar\u00e1 en Ancud, beneficiar\u00e1 a 40 personas y ser\u00e1 ejecutado por el municipio. En Castro se atender\u00e1 al mismo n\u00famero de usuarios y estar\u00e1 a cargo del Hogar de Cristo, mientras que en Quell\u00f3n ser\u00e1n 30 los beneficiarios y ser\u00e1 liderado por el municipio. Tanto en Castro como en Ancud se contar\u00e1 con un monto por comuna, de 57 millones 600 mil pesos para su realizaci\u00f3n, mientras que en Quell\u00f3n ser\u00e1 de $43.200.000<\/p>\n\n\n\n<p class=\"wp-block-paragraph\">&nbsp;\u201cYa estamos ad portas de activar todos nuestros dispositivos del Plan Invierno de nuestro Ministerio, recursos que logramos reforzar para este 2022 por casi 800 millones de pesos. A nivel regional contaremos con siete albergues distribuidos en las comunas de Osorno, Puerto Montt, Ancud y Castro, adem\u00e1s de rutas sociales en Osorno, Puerto Montt, Ancud, Castro y Quell\u00f3n, adicionalmente, rutas que llevaremos a cabo del brazo de Carabineros de Chile y la Ruta M\u00e9dica, iniciativa local in\u00e9dita junto con la seremi de salud en Osorno. Para nosotros es fundamental el trabajo en alianza y destacar el gran apoyo que hemos tenido por parte de diferentes organizaciones sociales y municipios, quienes en algunos casos son nuestros ejecutores. Las personas en situaci\u00f3n de calle por mucho tiempo han sido invisibilizados, son personas que merecen dignidad y oportunidades para superar su situaci\u00f3n, en nuestro Gobierno trabajaremos fuertemente en esta materia\u201d, dijo el Seremi de Desarrollo Social y Familia, Enzo Jaramillo.<\/p>\n\n\n\n<p class=\"wp-block-paragraph\">Los albergues tendr\u00e1n una duraci\u00f3n desde su puesta en marcha de 150 d\u00edas y las rutas sociales de 120 d\u00edas<\/p>\n","protected":false},"excerpt":{"rendered":"<p>Ante el crudo invierno y las bajas temperaturas, el Gobierno desde el Ministerio de Desarrollo Social y Familia dispuso de una importante inversi\u00f3n que alcanza los $272.400.000, para el programa Noche Digna que va en directo apoyo de las personas en situaci\u00f3n de calle, anuncio realizado por la delegada presidencial provincial Mariela N\u00fa\u00f1ez y el&#8230;<a class=\"btnReadMore\" href=\"https:\/\/www.semanariolocal.cl\/?p=6632\"> Leer M\u00e1s<\/a><\/p>\n","protected":false},"author":1,"featured_media":6633,"comment_status":"closed","ping_status":"closed","sticky":false,"template":"","format":"standard","meta":{"footnotes":""},"categories":[3,9],"tags":[],"class_list":["post-6632","post","type-post","status-publish","format-standard","has-post-thumbnail","hentry","category-al-dia","category-gobierno"],"_links":{"self":[{"href":"https:\/\/www.semanariolocal.cl\/index.php?rest_route=\/wp\/v2\/posts\/6632","targetHints":{"allow":["GET"]}}],"collection":[{"href":"https:\/\/www.semanariolocal.cl\/index.php?rest_route=\/wp\/v2\/posts"}],"about":[{"href":"https:\/\/www.semanariolocal.cl\/index.php?rest_route=\/wp\/v2\/types\/post"}],"author":[{"embeddable":true,"href":"https:\/\/www.semanariolocal.cl\/index.php?rest_route=\/wp\/v2\/users\/1"}],"replies":[{"embeddable":true,"href":"https:\/\/www.semanariolocal.cl\/index.php?rest_route=%2Fwp%2Fv2%2Fcomments&post=6632"}],"version-history":[{"count":1,"href":"https:\/\/www.semanariolocal.cl\/index.php?rest_route=\/wp\/v2\/posts\/6632\/revisions"}],"predecessor-version":[{"id":6634,"href":"https:\/\/www.semanariolocal.cl\/index.php?rest_route=\/wp\/v2\/posts\/6632\/revisions\/6634"}],"wp:featuredmedia":[{"embeddable":true,"href":"https:\/\/www.semanariolocal.cl\/index.php?rest_route=\/wp\/v2\/media\/6633"}],"wp:attachment":[{"href":"https:\/\/www.semanariolocal.cl\/index.php?rest_route=%2Fwp%2Fv2%2Fmedia&parent=6632"}],"wp:term":[{"taxonomy":"category","embeddable":true,"href":"https:\/\/www.semanariolocal.cl\/index.php?rest_route=%2Fwp%2Fv2%2Fcategories&post=6632"},{"taxonomy":"post_tag","embeddable":true,"href":"https:\/\/www.semanariolocal.cl\/index.php?rest_route=%2Fwp%2Fv2%2Ftags&post=6632"}],"curies":[{"name":"wp","href":"https:\/\/api.w.org\/{rel}","templated":true}]}}