{"id":6629,"date":"2022-06-17T08:00:00","date_gmt":"2022-06-17T12:00:00","guid":{"rendered":"https:\/\/www.semanariolocal.cl\/?p=6629"},"modified":"2022-06-16T22:24:30","modified_gmt":"2022-06-17T02:24:30","slug":"senador-castro-ps-ventanas-debe-dejar-de-ser-el-nicho-de-la-contaminacion-en-chile","status":"publish","type":"post","link":"https:\/\/www.semanariolocal.cl\/?p=6629","title":{"rendered":"Senador Castro PS: \u00abVentanas debe dejar de ser el nicho de la contaminaci\u00f3n en Chile\u00bb"},"content":{"rendered":"\n<p>Luego de escuchar los planteamientos de las autoridades de Gobierno, por los graves hechos de contaminaci\u00f3n en Quintero y Puchuncav\u00ed, el senador Socialista Juan Luis Castro plante\u00f3 que&nbsp;\u00abVentanas debe dejar de ser el nicho de la contaminaci\u00f3n en Chile\u00bb<br>Este Jueves, sesion\u00f3 en forma extraordinaria en Santiago, la Comisi\u00f3n de Miner\u00eda y Energ\u00eda, del Senado, que precisamente abord\u00f3 los problemas de contaminaci\u00f3n y las posibilidades de inversi\u00f3n de la Divisi\u00f3n Ventanas, de Codelco. El encuentro cont\u00f3 con la presencia de la ministra de Miner\u00eda, Marcela Hern\u00e1ndo y la Ministra de Medio Ambiente, Maisa Rojas.<br>Al t\u00e9rmino de la sesi\u00f3n, el senador Castro afirm\u00f3 que \u00abcon la presencia de las ministras, se ha ido aclarando gradualmente la situaci\u00f3n de toxicidad del nicho de industrias que existen en Ventana y Quintero. Tambi\u00e9n se ha conocido el camino futuro de la refiner\u00eda de Ventanas\u00bb.<br>\u00abEn esta oportunidad\u00bb, dijo el parlamentario PS, \u00abla ministra de Medio Ambiente ha sido enf\u00e1tica en decir que se van a combatir las toxicidades y que se va a entregar el informe de la carga de cada uno de los compuestos que est\u00e1n provocando gran da\u00f1o a la salud\u00bb.<br>En ese contexto, el senador Castro, subray\u00f3 que \u00abcreo que todo esto es urgente que sea despejado, porque esta es una nueva piedra en el zapato despu\u00e9s de cuatro a\u00f1os que hab\u00eda sucedido lo mismo, en el mismo lugar, con afectaci\u00f3n de gente adulta y ni\u00f1os. A ello, se suma que los trabajadores de la Divisi\u00f3n Ventana de Codelco, tienen miedo del cierre de la faena, porque no se sabe cu\u00e1l de todas las empresas contamina m\u00e1s\u00bb.<br>Adem\u00e1s, destac\u00f3 las palabras de la ministra de Miner\u00eda, se\u00f1alando que confirm\u00f3 que el proyecto de ley que est\u00e1 en la C\u00e1mara de Diputados y Diputadas, le da diversidad a Codelco para desplazarse a otros zonas del pa\u00eds y dejar de estar concentrados en Ventanas. \u00abEs decir, debe existir un camino alternativo para que Ventanas deje de ser el nicho de la Contaminaci\u00f3n en Chile\u00bb.<\/p>\n","protected":false},"excerpt":{"rendered":"<p>El parlamentario coment\u00f3 que el reciente episodio de contaminaci\u00f3n en Quintero y Puchuncav\u00ed, \u00abes una nueva piedra en el zapato, despu\u00e9s de cuatro a\u00f1os que hab\u00eda sucedido lo mismo, en el mismo lugar, con afectaci\u00f3n de gente adulta y ni\u00f1os\u00bb.<\/p>\n","protected":false},"author":1,"featured_media":6630,"comment_status":"closed","ping_status":"closed","sticky":false,"template":"","format":"standard","meta":{"footnotes":""},"categories":[6],"tags":[],"class_list":["post-6629","post","type-post","status-publish","format-standard","has-post-thumbnail","hentry","category-politica"],"_links":{"self":[{"href":"https:\/\/www.semanariolocal.cl\/index.php?rest_route=\/wp\/v2\/posts\/6629","targetHints":{"allow":["GET"]}}],"collection":[{"href":"https:\/\/www.semanariolocal.cl\/index.php?rest_route=\/wp\/v2\/posts"}],"about":[{"href":"https:\/\/www.semanariolocal.cl\/index.php?rest_route=\/wp\/v2\/types\/post"}],"author":[{"embeddable":true,"href":"https:\/\/www.semanariolocal.cl\/index.php?rest_route=\/wp\/v2\/users\/1"}],"replies":[{"embeddable":true,"href":"https:\/\/www.semanariolocal.cl\/index.php?rest_route=%2Fwp%2Fv2%2Fcomments&post=6629"}],"version-history":[{"count":1,"href":"https:\/\/www.semanariolocal.cl\/index.php?rest_route=\/wp\/v2\/posts\/6629\/revisions"}],"predecessor-version":[{"id":6631,"href":"https:\/\/www.semanariolocal.cl\/index.php?rest_route=\/wp\/v2\/posts\/6629\/revisions\/6631"}],"wp:featuredmedia":[{"embeddable":true,"href":"https:\/\/www.semanariolocal.cl\/index.php?rest_route=\/wp\/v2\/media\/6630"}],"wp:attachment":[{"href":"https:\/\/www.semanariolocal.cl\/index.php?rest_route=%2Fwp%2Fv2%2Fmedia&parent=6629"}],"wp:term":[{"taxonomy":"category","embeddable":true,"href":"https:\/\/www.semanariolocal.cl\/index.php?rest_route=%2Fwp%2Fv2%2Fcategories&post=6629"},{"taxonomy":"post_tag","embeddable":true,"href":"https:\/\/www.semanariolocal.cl\/index.php?rest_route=%2Fwp%2Fv2%2Ftags&post=6629"}],"curies":[{"name":"wp","href":"https:\/\/api.w.org\/{rel}","templated":true}]}}