{"id":6589,"date":"2022-06-14T11:53:41","date_gmt":"2022-06-14T15:53:41","guid":{"rendered":"https:\/\/www.semanariolocal.cl\/?p=6589"},"modified":"2022-06-14T11:53:42","modified_gmt":"2022-06-14T15:53:42","slug":"camara-de-diputados-votara-este-miercoles-obligacion-de-hacerse-test-de-drogas","status":"publish","type":"post","link":"https:\/\/www.semanariolocal.cl\/?p=6589","title":{"rendered":"C\u00e1mara de Diputados votar\u00e1 este mi\u00e9rcoles obligaci\u00f3n de hacerse test de drogas"},"content":{"rendered":"\n<p>Despu\u00e9s de meses de insistencia, este mi\u00e9rcoles la C\u00e1mara de Diputados votar\u00e1 finalmente el proyecto de ley que obliga a los parlamentarios a someterse a ex\u00e1menes de drogas obligatorios, aleatorios y de manera semestral, luego que en la Ley de Presupuesto de 2022 -que se tramit\u00f3 el a\u00f1o pasado- se aprobara una indicaci\u00f3n de la Bancada UDI para financiar dichos test dentro del actual per\u00edodo, lo que convertir\u00eda a Chile en el primer pa\u00eds de Latinoam\u00e9rica en ponerlo en pr\u00e1ctica.<\/p>\n\n\n\n<p>Al respecto, los parlamentarios gremialistas que han promovido la medida, Juan Antonio Coloma y Gustavo Benavente, aseguraron que por tener la caracter\u00edstica de \u201csemestral\u201d, s\u00f3lo quedar\u00edan 17 d\u00edas para realizar los ex\u00e1menes durante este semestre, por lo que aseguraron que la votaci\u00f3n de este mi\u00e9rcoles \u201ces fundamental si queremos iniciar pronto la aplicaci\u00f3n de test de drogas en el Congreso, lo que nos permitir\u00eda dar una tremenda se\u00f1al a la ciudadan\u00eda en medio del actual contexto que estamos viviendo como pa\u00eds\u201d.<\/p>\n\n\n\n<p>Sin embargo, los mismos diputados UDI advirtieron que los parlamentarios del Frente Amplio y del Partido Comunista, principalmente, \u201cest\u00e1n haciendo lo imposible para que este proyecto no sea votado esta semana, y as\u00ed perdamos la oportunidad de realizar los ex\u00e1menes durante el primer semestre, lo que nos har\u00eda incurrir en una falta de deberes porque los recursos ya est\u00e1n aprobados\u201d.<\/p>\n\n\n\n<p>\u201cQueremos ser s\u00faper claros frente a la ciudadan\u00eda: si el proyecto no se aprueba este mi\u00e9rcoles, perderemos la oportunidad de que todos los diputados se sometan a test de drogas durante este primer semestre. Y la raz\u00f3n es porque la pr\u00f3xima semana es distrital, por lo tanto no alcanzar\u00edan los plazos para votar el reglamento y, en consecuencia, desaprovechar\u00edamos los recursos que ya se aprobaron para estos efectos\u201d, aseguraron Coloma y Benavente.<\/p>\n\n\n\n<p>En esa l\u00ednea, los parlamentarios gremialistas insistieron en que \u201clamentablemente, y la propia ciudadan\u00eda tendr\u00e1 que sacar sus propias conclusiones de por qu\u00e9 act\u00faan as\u00ed, los diputados del FA y el PC est\u00e1n haciendo todo lo que tienen a su alcance para retrasar este proyecto\u201d, recordando que \u201cya se demoraron meses para que reci\u00e9n se iniciara su tr\u00e1mite en la comisi\u00f3n de Constituci\u00f3n, y ahora que lo logramos, dejaron este proyecto al \u00faltimo de la tabla para que no se alcance a votar\u201d.<\/p>\n\n\n\n<p>&nbsp;\u201cCuando un diputado justifica su posici\u00f3n diciendo que una persona que no se toma los antidepresivos podr\u00eda legislar peor que alguien que consume marihuana, nos reafirma los complejos que tiene un sector de la extrema izquierda con estos temas\u201d, reiteraron Coloma y Benavente, quienes finalmente aseguraron que \u201csi el PC y el FA no quieren someterse a ex\u00e1menes de drogas aleatorios, lo que corresponde es que rechacen el proyecto y que le den una explicaci\u00f3n a la ciudadan\u00eda, pero que no le nieguen al resto de los parlamentarios la posibilidad de transparentarle al pa\u00eds que no tienen ninguna dependencia con las drogas\u201d.<\/p>\n","protected":false},"excerpt":{"rendered":"<p>Despu\u00e9s de meses de insistencia, este mi\u00e9rcoles la C\u00e1mara de Diputados votar\u00e1 finalmente el proyecto de ley que obliga a los parlamentarios a someterse a ex\u00e1menes de drogas obligatorios, aleatorios y de manera semestral, luego que en la Ley de Presupuesto de 2022 -que se tramit\u00f3 el a\u00f1o pasado- se aprobara una indicaci\u00f3n de la&#8230;<a class=\"btnReadMore\" href=\"https:\/\/www.semanariolocal.cl\/?p=6589\"> Leer M\u00e1s<\/a><\/p>\n","protected":false},"author":1,"featured_media":6590,"comment_status":"closed","ping_status":"closed","sticky":false,"template":"","format":"standard","meta":{"footnotes":""},"categories":[6],"tags":[],"class_list":["post-6589","post","type-post","status-publish","format-standard","has-post-thumbnail","hentry","category-politica"],"_links":{"self":[{"href":"https:\/\/www.semanariolocal.cl\/index.php?rest_route=\/wp\/v2\/posts\/6589","targetHints":{"allow":["GET"]}}],"collection":[{"href":"https:\/\/www.semanariolocal.cl\/index.php?rest_route=\/wp\/v2\/posts"}],"about":[{"href":"https:\/\/www.semanariolocal.cl\/index.php?rest_route=\/wp\/v2\/types\/post"}],"author":[{"embeddable":true,"href":"https:\/\/www.semanariolocal.cl\/index.php?rest_route=\/wp\/v2\/users\/1"}],"replies":[{"embeddable":true,"href":"https:\/\/www.semanariolocal.cl\/index.php?rest_route=%2Fwp%2Fv2%2Fcomments&post=6589"}],"version-history":[{"count":1,"href":"https:\/\/www.semanariolocal.cl\/index.php?rest_route=\/wp\/v2\/posts\/6589\/revisions"}],"predecessor-version":[{"id":6591,"href":"https:\/\/www.semanariolocal.cl\/index.php?rest_route=\/wp\/v2\/posts\/6589\/revisions\/6591"}],"wp:featuredmedia":[{"embeddable":true,"href":"https:\/\/www.semanariolocal.cl\/index.php?rest_route=\/wp\/v2\/media\/6590"}],"wp:attachment":[{"href":"https:\/\/www.semanariolocal.cl\/index.php?rest_route=%2Fwp%2Fv2%2Fmedia&parent=6589"}],"wp:term":[{"taxonomy":"category","embeddable":true,"href":"https:\/\/www.semanariolocal.cl\/index.php?rest_route=%2Fwp%2Fv2%2Fcategories&post=6589"},{"taxonomy":"post_tag","embeddable":true,"href":"https:\/\/www.semanariolocal.cl\/index.php?rest_route=%2Fwp%2Fv2%2Ftags&post=6589"}],"curies":[{"name":"wp","href":"https:\/\/api.w.org\/{rel}","templated":true}]}}