{"id":6586,"date":"2022-06-13T11:14:00","date_gmt":"2022-06-13T15:14:00","guid":{"rendered":"https:\/\/www.semanariolocal.cl\/?p=6586"},"modified":"2022-06-14T11:17:47","modified_gmt":"2022-06-14T15:17:47","slug":"orquesta-juvenil-ulagos-prepara-su-regreso-a-los-escenarios-tras-mas-de-dos-anos","status":"publish","type":"post","link":"https:\/\/www.semanariolocal.cl\/?p=6586","title":{"rendered":"Orquesta Juvenil ULagos prepara su regreso a los escenarios tras m\u00e1s de dos a\u00f1os"},"content":{"rendered":"\n<p>Una serie de cambios trajo a la Orquesta Juvenil de la Universidad de Los Lagos los dos a\u00f1os de pandemia sin ensayos presenciales. En marzo de 2022 se volvieron a ver las caras, compartir salas y estudiar del mismo atril. Pero en dos a\u00f1os muchas cosas cambiaron. En plena adolescencia la mayor\u00eda de ellos luc\u00eda diferente, algunos m\u00e1s grandes, otros con cambio de look y a otros les cambi\u00f3 la voz.<\/p>\n\n\n\n<p>\u00bfC\u00f3mo es retomar el trabajo de una orquesta despu\u00e9s de dos a\u00f1os de par\u00e9ntesis?<\/p>\n\n\n\n<p>&nbsp;\u201cEl mayor desaf\u00edo lo impuso aumentar el n\u00famero de m\u00fasicos, los que hoy, tras tres meses de ensayos, superan los cuarenta. De cualquier forma no fue f\u00e1cil\u201d, comenta<strong>&nbsp;Rodrigo D\u00edaz<\/strong>, director de la orquesta, quien asumi\u00f3 durante el turbulento tercer trimestre de 2019, ha debido poner en pr\u00e1ctica toda su capacidad de organizaci\u00f3n y planificaci\u00f3n para un trabajo que debe dar sus frutos en tiempo r\u00e9cord.<\/p>\n\n\n\n<p>\u201cEl trabajo se ven\u00eda planificando desde hac\u00eda meses. La tarea era ardua ya que no s\u00f3lo deb\u00edan volver a tocar juntos sino que adem\u00e1s el desaf\u00edo estaba en hacer cambiar el sonido hacia un formato m\u00e1s orquestal, con mayor protagonismo de la fila de cuerdas frotadas\u201d, resume su director.<\/p>\n\n\n\n<p>Aun as\u00ed, el resultado est\u00e1 a la vista y entusiasma. A una semana de su primer concierto en dos a\u00f1os, la orquesta suena y se ve como un solo cuerpo y los m\u00fasicos tambi\u00e9n lo sienten as\u00ed. De hecho es com\u00fan verlos caminar juntos por Chuyaca despu\u00e9s de los ensayos.<\/p>\n\n\n\n<p>La din\u00e1mica de los ensayos les cay\u00f3 bien, y la madurez que han alcanzado tambi\u00e9n sirvi\u00f3 para que el resultado que presentar\u00e1n este s\u00e1bado 18, desde las 17:00 horas, entusiasme y permita creer en el poder de la m\u00fasica para luchar contra las adversidades.<\/p>\n\n\n\n<p>Ser\u00e1 adem\u00e1s la ocasi\u00f3n ideal para celebrar la Nueva Salida del Sol e inaugurar la temporada de conciertos que realizar\u00e1 cada mes la Academia de Arte y Cultura en el Teatro Municipal de Osorno, para fortalecer la agenda cultural en el recinto que hoy administra la Corporaci\u00f3n Cultural de Osorno.<\/p>\n","protected":false},"excerpt":{"rendered":"<p>En una muestra de resiliencia y amor por la m\u00fasica, el elenco universitario se presentar\u00e1 en el Teatro Municipal de Osorno este s\u00e1bado 18 de junio a las 17:00 horas, en el inicio de la temporada de conciertos que ofrecer\u00e1 la Academia de Arte y Cultura en el recinto local.<\/p>\n","protected":false},"author":1,"featured_media":6587,"comment_status":"closed","ping_status":"closed","sticky":false,"template":"","format":"standard","meta":{"footnotes":""},"categories":[10],"tags":[],"class_list":["post-6586","post","type-post","status-publish","format-standard","has-post-thumbnail","hentry","category-cultura"],"_links":{"self":[{"href":"https:\/\/www.semanariolocal.cl\/index.php?rest_route=\/wp\/v2\/posts\/6586","targetHints":{"allow":["GET"]}}],"collection":[{"href":"https:\/\/www.semanariolocal.cl\/index.php?rest_route=\/wp\/v2\/posts"}],"about":[{"href":"https:\/\/www.semanariolocal.cl\/index.php?rest_route=\/wp\/v2\/types\/post"}],"author":[{"embeddable":true,"href":"https:\/\/www.semanariolocal.cl\/index.php?rest_route=\/wp\/v2\/users\/1"}],"replies":[{"embeddable":true,"href":"https:\/\/www.semanariolocal.cl\/index.php?rest_route=%2Fwp%2Fv2%2Fcomments&post=6586"}],"version-history":[{"count":1,"href":"https:\/\/www.semanariolocal.cl\/index.php?rest_route=\/wp\/v2\/posts\/6586\/revisions"}],"predecessor-version":[{"id":6588,"href":"https:\/\/www.semanariolocal.cl\/index.php?rest_route=\/wp\/v2\/posts\/6586\/revisions\/6588"}],"wp:featuredmedia":[{"embeddable":true,"href":"https:\/\/www.semanariolocal.cl\/index.php?rest_route=\/wp\/v2\/media\/6587"}],"wp:attachment":[{"href":"https:\/\/www.semanariolocal.cl\/index.php?rest_route=%2Fwp%2Fv2%2Fmedia&parent=6586"}],"wp:term":[{"taxonomy":"category","embeddable":true,"href":"https:\/\/www.semanariolocal.cl\/index.php?rest_route=%2Fwp%2Fv2%2Fcategories&post=6586"},{"taxonomy":"post_tag","embeddable":true,"href":"https:\/\/www.semanariolocal.cl\/index.php?rest_route=%2Fwp%2Fv2%2Ftags&post=6586"}],"curies":[{"name":"wp","href":"https:\/\/api.w.org\/{rel}","templated":true}]}}