{"id":6583,"date":"2022-06-13T07:05:00","date_gmt":"2022-06-13T11:05:00","guid":{"rendered":"https:\/\/www.semanariolocal.cl\/?p=6583"},"modified":"2022-06-14T11:13:46","modified_gmt":"2022-06-14T15:13:46","slug":"comenzo-proceso-de-postulacion-para-el-programa-renueva-tu-micro","status":"publish","type":"post","link":"https:\/\/www.semanariolocal.cl\/?p=6583","title":{"rendered":"Comenz\u00f3 proceso de postulaci\u00f3n para el programa \u00abRenueva tu Micro\u00bb"},"content":{"rendered":"\n<p>M\u00e1s de 1700 m\u00e1quinas de las 2 mil 390 actualmente en circulaci\u00f3n en la Regi\u00f3n de Los Lagos podr\u00e1n participar de la nueva versi\u00f3n del programa \u201cRenueva tu micro\u201d liderado por el Ministerio de Transportes y Telecomunicaciones y el Gobierno Regional.<\/p>\n\n\n\n<p>Se trata de microbuses que van desde el a\u00f1o 2000 hasta el 2012 y que han operado durante los \u00faltimos a\u00f1os en distintas comunas de la regi\u00f3n, ya sea bajo la modalidad de transporte urbano o rural, los cuales se pretende renovar a trav\u00e9s de un presupuesto que supera los 2 mil 190 millones de pesos.<\/p>\n\n\n\n<p>La convocatoria para la primera etapa del programa estar\u00e1 abierta a partir del 13 de junio hasta el 15 de julio y se realizar\u00e1 \u00edntegramente de manera on line.<\/p>\n\n\n\n<p>El secretario regional de la cartera, Pablo Joost se\u00f1al\u00f3 que durante los 10 a\u00f1os en que opera este programa se ha logrado renovar una flota de 900 microbuses, mejorando as\u00ed el est\u00e1ndar de las m\u00e1quinas que prestan servicios de transporte p\u00fablico en la zona.<\/p>\n\n\n\n<p>Joost, a\u00f1adi\u00f3 que durante el proceso se priorizar\u00e1 el recambio de buses que hayan sido vandalizados, aquellos que se pretende sustituir por m\u00e1quinas el\u00e9ctricas y con tecnolog\u00eda homologada al est\u00e1ndar del sistema de transportes RED.<\/p>\n\n\n\n<p>\u201cEsta iniciativa promueve la renovaci\u00f3n de la flota en el transporte p\u00fablico a trav\u00e9s de una inyecci\u00f3n econ\u00f3mica directa para los transportistas incit\u00e1ndolos a invertir en nuevas tecnolog\u00edas y mayores est\u00e1ndares de seguridad, de comodidad para los usuarios, menor contaminaci\u00f3n para el medioambiente y retirar de funcionamiento las m\u00e1quinas que ya han terminado su vida \u00fatil. Hemos comunicado la informaci\u00f3n y hecho llegar las bases de este concurso a todos los operadores de buses de la regi\u00f3n invit\u00e1ndolos a participar de esta instancia\u201d.<\/p>\n\n\n\n<p>En la ocasi\u00f3n adem\u00e1s el seremi Pablo Joost inform\u00f3 que a nivel regional resultaron seleccionados 160 transportistas que participaron del reci\u00e9n finalizado Programa \u201dRenueva tu Colectivo\u201d, quienes completaron durante el mes de mayo de forma exitosa la segunda etapa de postulaci\u00f3n y que en promedio recibieron un monto de 2 millones 630 mil pesos para la renovaci\u00f3n de sus veh\u00edculos de trabajo.<\/p>\n\n\n\n<p>Los beneficiados pertenecen a 12 comunas en donde existe este tipo de transporte y en su mayor\u00eda realizan servicios en las capitales comunas de Puerto Montt, Osorno y Castro.<\/p>\n\n\n\n<p>Las bases para participar de los programas de renovaci\u00f3n de flota de transporte p\u00fablico se encuentran publicadas en la p\u00e1gina del Gobierno Regional www,goreloslagos.cl<\/p>\n","protected":false},"excerpt":{"rendered":"<p>M\u00e1s de 1700 m\u00e1quinas de las 2 mil 390 actualmente en circulaci\u00f3n en la Regi\u00f3n de Los Lagos podr\u00e1n participar de la nueva versi\u00f3n del programa \u201cRenueva tu micro\u201d liderado por el Ministerio de Transportes y Telecomunicaciones y el Gobierno Regional. Se trata de microbuses que van desde el a\u00f1o 2000 hasta el 2012 y&#8230;<a class=\"btnReadMore\" href=\"https:\/\/www.semanariolocal.cl\/?p=6583\"> Leer M\u00e1s<\/a><\/p>\n","protected":false},"author":1,"featured_media":6584,"comment_status":"closed","ping_status":"closed","sticky":false,"template":"","format":"standard","meta":{"footnotes":""},"categories":[3],"tags":[],"class_list":["post-6583","post","type-post","status-publish","format-standard","has-post-thumbnail","hentry","category-al-dia"],"_links":{"self":[{"href":"https:\/\/www.semanariolocal.cl\/index.php?rest_route=\/wp\/v2\/posts\/6583","targetHints":{"allow":["GET"]}}],"collection":[{"href":"https:\/\/www.semanariolocal.cl\/index.php?rest_route=\/wp\/v2\/posts"}],"about":[{"href":"https:\/\/www.semanariolocal.cl\/index.php?rest_route=\/wp\/v2\/types\/post"}],"author":[{"embeddable":true,"href":"https:\/\/www.semanariolocal.cl\/index.php?rest_route=\/wp\/v2\/users\/1"}],"replies":[{"embeddable":true,"href":"https:\/\/www.semanariolocal.cl\/index.php?rest_route=%2Fwp%2Fv2%2Fcomments&post=6583"}],"version-history":[{"count":1,"href":"https:\/\/www.semanariolocal.cl\/index.php?rest_route=\/wp\/v2\/posts\/6583\/revisions"}],"predecessor-version":[{"id":6585,"href":"https:\/\/www.semanariolocal.cl\/index.php?rest_route=\/wp\/v2\/posts\/6583\/revisions\/6585"}],"wp:featuredmedia":[{"embeddable":true,"href":"https:\/\/www.semanariolocal.cl\/index.php?rest_route=\/wp\/v2\/media\/6584"}],"wp:attachment":[{"href":"https:\/\/www.semanariolocal.cl\/index.php?rest_route=%2Fwp%2Fv2%2Fmedia&parent=6583"}],"wp:term":[{"taxonomy":"category","embeddable":true,"href":"https:\/\/www.semanariolocal.cl\/index.php?rest_route=%2Fwp%2Fv2%2Fcategories&post=6583"},{"taxonomy":"post_tag","embeddable":true,"href":"https:\/\/www.semanariolocal.cl\/index.php?rest_route=%2Fwp%2Fv2%2Ftags&post=6583"}],"curies":[{"name":"wp","href":"https:\/\/api.w.org\/{rel}","templated":true}]}}