{"id":6576,"date":"2022-06-13T11:02:49","date_gmt":"2022-06-13T15:02:49","guid":{"rendered":"https:\/\/www.semanariolocal.cl\/?p=6576"},"modified":"2022-06-14T11:09:51","modified_gmt":"2022-06-14T15:09:51","slug":"udi-emplaza-al-gobierno-a-patrocinar-el-12-de-junio-como-dia-del-martir-de-carabineros","status":"publish","type":"post","link":"https:\/\/www.semanariolocal.cl\/?p=6576","title":{"rendered":"UDI emplaza al Gobierno a patrocinar  el 12 de junio como \u201cD\u00eda del m\u00e1rtir de Carabineros\u201d"},"content":{"rendered":"\n<p>Tras el nuevo asesinato de un funcionario de Carabineros de Chile, esta vez del cabo 2\u00b0 David Florido Cisterna en la comuna de Pedro Aguirre Cerda, los diputados de la UDI, Juan Antonio Coloma y Cristhian Moreira, emplazaron al Gobierno a patrocinar un proyecto de ley presentado por la bancada gremialista a comienzos de este mes, y que busca establecer los 12 de junio de cada a\u00f1o como el \u201cD\u00eda del m\u00e1rtir de Carabineros\u201d, en homenaje a los 1.227 funcionarios policiales que han fallecido desde 1927 a la fecha.<\/p>\n\n\n\n<p>Al respecto, los parlamentarios gremialistas advirtieron que las actuales autoridades \u201ctienen la obligaci\u00f3n de respaldar pol\u00edticamente a nuestros funcionarios policiales\u201d, asegurando que \u201cno basta con entregarles un apoyo de palabra cada vez que fallece alguien de sus filas, sino que deben demostrarlo con hechos concretos, y eso hasta ahora lamentablemente no lo han hecho\u201d.<\/p>\n\n\n\n<p>\u201cUn d\u00eda como hoy, pero hace 95 a\u00f1os, falleci\u00f3 el primer funcionario de Carabineros en acto de servicio. Por lo mismo, y en homenaje a los 1.227 m\u00e1rtires, entre ellos el cabo 2\u00b0 David Florido Cisterna, decidimos presentar este proyecto de ley, porque nos parece de toda relevancia que exista una fecha dentro del a\u00f1o donde nuestro pa\u00eds rinda un sentido homenaje a todos los carabineros que han dado su vida por los chilenos\u201d, se\u00f1alaron los diputados UDI, agregando que \u201cmuchas veces nuestro pa\u00eds ha estado al debe con nuestros funcionarios policiales, y esta es una oportunidad enorme de ponernos al d\u00eda con ellos\u201d.<\/p>\n\n\n\n<p>En esa l\u00ednea, Coloma y Moreira insistieron en que \u201cdurante los \u00faltimos a\u00f1os, Carabineros ha sido pieza fundamental en el combate a la delincuencia, el narcotr\u00e1fico y el terrorismo, sosteniendo incluso parte de nuestra democracia cuando reinaba el caos y la violencia. Pero eso, lamentablemente, ha provocado que muchos de sus funcionarios, en acto de servicio, sean cobardemente asesinados, como ocurri\u00f3 este viernes en Pedro Aguirre Cerda, dejando a sus familias en el absoluto desamparo\u201d.<\/p>\n\n\n\n<p>Por lo mismo, los parlamentarios de la UDI llamaron al Ejecutivo a patrocinar y otorgarle suma urgencia a dicha iniciativa, como una forma de respaldar p\u00fablica y pol\u00edticamente a la instituci\u00f3n, adem\u00e1s de avanzar en una serie de proyectos que permitan legitimar el actuar de Carabineros.<\/p>\n\n\n\n<p>\u201cSi el Gobierno efectivamente est\u00e1 decidido a respaldar a nuestras instituciones policiales, lo que corresponde entonces es que no s\u00f3lo lo hagan con declaraciones de buenas intenciones, sino que tambi\u00e9n con hechos concretos, aunque eso irrite a un sector de su coalici\u00f3n. Carabineros necesita de una autoridad pol\u00edtica que los defienda, que los respalde en su actuar frente a los delincuentes y narcotraficantes, y al \u00fanico que le corresponde esa tarea es al Gobierno\u201d, insistieron Coloma y Moreira.<\/p>\n","protected":false},"excerpt":{"rendered":"<p>Tras el nuevo asesinato de un funcionario de Carabineros de Chile, esta vez del cabo 2\u00b0 David Florido Cisterna en la comuna de Pedro Aguirre Cerda, los diputados de la UDI, Juan Antonio Coloma y Cristhian Moreira, emplazaron al Gobierno a patrocinar un proyecto de ley presentado por la bancada gremialista a comienzos de este&#8230;<a class=\"btnReadMore\" href=\"https:\/\/www.semanariolocal.cl\/?p=6576\"> Leer M\u00e1s<\/a><\/p>\n","protected":false},"author":1,"featured_media":6577,"comment_status":"closed","ping_status":"closed","sticky":false,"template":"","format":"standard","meta":{"footnotes":""},"categories":[3],"tags":[],"class_list":["post-6576","post","type-post","status-publish","format-standard","has-post-thumbnail","hentry","category-al-dia"],"_links":{"self":[{"href":"https:\/\/www.semanariolocal.cl\/index.php?rest_route=\/wp\/v2\/posts\/6576","targetHints":{"allow":["GET"]}}],"collection":[{"href":"https:\/\/www.semanariolocal.cl\/index.php?rest_route=\/wp\/v2\/posts"}],"about":[{"href":"https:\/\/www.semanariolocal.cl\/index.php?rest_route=\/wp\/v2\/types\/post"}],"author":[{"embeddable":true,"href":"https:\/\/www.semanariolocal.cl\/index.php?rest_route=\/wp\/v2\/users\/1"}],"replies":[{"embeddable":true,"href":"https:\/\/www.semanariolocal.cl\/index.php?rest_route=%2Fwp%2Fv2%2Fcomments&post=6576"}],"version-history":[{"count":1,"href":"https:\/\/www.semanariolocal.cl\/index.php?rest_route=\/wp\/v2\/posts\/6576\/revisions"}],"predecessor-version":[{"id":6578,"href":"https:\/\/www.semanariolocal.cl\/index.php?rest_route=\/wp\/v2\/posts\/6576\/revisions\/6578"}],"wp:featuredmedia":[{"embeddable":true,"href":"https:\/\/www.semanariolocal.cl\/index.php?rest_route=\/wp\/v2\/media\/6577"}],"wp:attachment":[{"href":"https:\/\/www.semanariolocal.cl\/index.php?rest_route=%2Fwp%2Fv2%2Fmedia&parent=6576"}],"wp:term":[{"taxonomy":"category","embeddable":true,"href":"https:\/\/www.semanariolocal.cl\/index.php?rest_route=%2Fwp%2Fv2%2Fcategories&post=6576"},{"taxonomy":"post_tag","embeddable":true,"href":"https:\/\/www.semanariolocal.cl\/index.php?rest_route=%2Fwp%2Fv2%2Ftags&post=6576"}],"curies":[{"name":"wp","href":"https:\/\/api.w.org\/{rel}","templated":true}]}}