{"id":6569,"date":"2022-06-13T10:00:00","date_gmt":"2022-06-13T14:00:00","guid":{"rendered":"https:\/\/www.semanariolocal.cl\/?p=6569"},"modified":"2022-06-14T10:59:49","modified_gmt":"2022-06-14T14:59:49","slug":"autoridades-se-reunen-para-evaluar-alternativas-ante-remociones-en-masa-en-ladera-pelluco","status":"publish","type":"post","link":"https:\/\/www.semanariolocal.cl\/?p=6569","title":{"rendered":"Autoridades se re\u00fanen para evaluar alternativas ante remociones en masa en Ladera Pelluco"},"content":{"rendered":"\n<p>Conformando comisiones de trabajo para determinar planes de acci\u00f3n a corto, mediano y largo plazo, finaliz\u00f3 la mesa encabezada por la Delegada Presidencial Regional, Giovanna Moreira; el alcalde de Puerto Montt, Gervoy Paredes; el seremi de Vivienda y Urbanismo, Fabi\u00e1n Nail y la Gobernadora (s) Regional, Viviana Godoy.<\/p>\n\n\n\n<p>En la instancia donde adem\u00e1s participaron autoridades y equipos t\u00e9cnicos de ONEMI, SERNAGEOMIN, SERVIU, MOP, Desarrollo Social, Bienes Nacionales, Carabineros de Chile, Polic\u00eda de Investigaciones y Empresa Ferrocarriles del Estado (EFE), se evalu\u00f3 el trabajo realizado en conjunto y se analizaron distintas alternativas de habilitaci\u00f3n social en base al catastro que realiza el municipio.<\/p>\n\n\n\n<p>Giovanna Moreira, Delegada Presidencial Regional de Los Lagos, explico se trabajar\u00e1 en distintas l\u00edneas de acci\u00f3n.&nbsp;<em>\u201cA corto plazo tenemos que trabajar para trasladar a las personas se encuentran en la toma de Pelluco a otro lugar. Eso implica coordinar no tan s\u00f3lo el desalojo, que es la herramienta, sino que tambi\u00e9n ver de qu\u00e9 manera nos coordinamos con el municipio, SERVIU Ministerio de Vivienda, MOP, Desarrollo Social y otras entidades, para poder tener una soluci\u00f3n de urgencia para que no ocurra alguna situaci\u00f3n de peligro\u201d,&nbsp;<\/em>explic\u00f3 la representante del presidente Gabriel Boric en la regi\u00f3n.<\/p>\n\n\n\n<p>De la misma manera, pensando en una agenda de trabajo la autoridad explic\u00f3 que se debe \u201c<em>identificar los lugares que tienen peligro de remoci\u00f3n en masa en la ciudad de Puerto Montt, para poder generar un plan previo y de precauci\u00f3n para evitar situaciones de peligro en nuestra regi\u00f3n. Aqu\u00ed enmarcar que nuestro Presidente Gabriel Boric y tambi\u00e9n nuestro Ministro de Vivienda, Carlos Montes, nos han pedido trabajar en una soluci\u00f3n de corto plazo, pero tambi\u00e9n resguardando los criterios y el marco legal que hoy d\u00eda existen con respecto a la soluci\u00f3n de vivienda definitiva\u00bb.<\/em><\/p>\n\n\n\n<p>Para Gervoy Paredes, alcalde de Puerto Montt, es necesario coordinar distintas acciones dentro del municipio.&nbsp;<em>\u00abCabe precisar que lo prioritario es salvar la vida de quienes habitan en esta toma terrenos de EFE en la ladera al camino a Pelluco. El peligro de derrumbe es inminente. Al respecto, la Direcci\u00f3n de Obras Municipales ha hecho su trabajo. Asimismo, hemos sostenido di\u00e1logos con EFE y contamos con diagn\u00f3sticos. En consecuencia, y m\u00e1s all\u00e1 de las cr\u00edticas, hay que ver c\u00f3mo salimos adelante. A la par, se est\u00e1n recabando datos m\u00e1s precisos del \u00e1rea social. Por tanto, en los pr\u00f3ximos d\u00edas contaremos con soluciones concretas. No hay otra alternativa para estas personas. Simult\u00e1neamente, monitoreamos la situaci\u00f3n de otras laderas en la comuna. Puede repetirse un derrumbe. Es un peligro constante\u201d,<\/em>&nbsp;explic\u00f3.<\/p>\n\n\n\n<p><em>\u201cSeremos parte de una comisi\u00f3n de car\u00e1cter social en esta labor. Ser\u00e1 desde nuestra \u00e1rea Comunitaria y de Inmigrantes. Es decir, vamos a contribuir a determinar si las familias re\u00fanen las condiciones para recibir beneficios del Estado. De la misma forma, desde organismos como la Agencia de la ONU para los Refugiados, ACNUR, entre otras de car\u00e1cter internacional que colaborar\u00e1n con las familias inmigrantes preferentemente, en este caso, venezolanos. La soluci\u00f3n \u2014como se nos indic\u00f3\u2014 debe estar lista a fines de esta semana<\/em>\u201d, Jaqueline Paz, directora DIDECO.<\/p>\n\n\n\n<p>Fabi\u00e1n Nail, seremi de Vivienda y Urbanismo, explic\u00f3 que el ministerio asume este desaf\u00edo en el marco del Plan&nbsp;de&nbsp;Emergencia&nbsp;Habitacional.<\/p>\n\n\n\n<p><em>\u00abComo Ministerio estamos mandados a la b\u00fasqueda de soluciones integrales y definitivas para las familias. En ese sentido nos ponemos a total disposici\u00f3n para poder encontrar una soluci\u00f3n tambi\u00e9n en el mediano plazo. Tambi\u00e9n desde el mandato de nuestro Presidente Gabriel Boric y de nuestro Ministro Carlos Montes, estamos dentro del contexto de crisis habitacional, por lo tanto, desde esa l\u00ednea de acci\u00f3n nos enmarcamos en el plan de emergencia habitacional. Por ende, lo tomamos con bastante seriedad y compromiso, para poder entregar soluciones a todos las personas que est\u00e9n h\u00e1biles para hacer uso de estos beneficios del Estado\u00bb, explic\u00f3 el secretario ministerial.&nbsp;<\/em><\/p>\n","protected":false},"excerpt":{"rendered":"<p>Reuni\u00f3n convocada por la Delegada Presidencial Regional de Los Lagos, Giovanna Moreira, cont\u00f3 con la presencia de autoridades y equipos t\u00e9cnicos de distintos servicios ministeriales, oficinas municipales y representantes de las Fuerzas de Orden y Seguridad de Chile.<\/p>\n","protected":false},"author":1,"featured_media":6575,"comment_status":"closed","ping_status":"closed","sticky":false,"template":"","format":"standard","meta":{"footnotes":""},"categories":[8,9],"tags":[],"class_list":["post-6569","post","type-post","status-publish","format-standard","has-post-thumbnail","hentry","category-comunas","category-gobierno"],"_links":{"self":[{"href":"https:\/\/www.semanariolocal.cl\/index.php?rest_route=\/wp\/v2\/posts\/6569","targetHints":{"allow":["GET"]}}],"collection":[{"href":"https:\/\/www.semanariolocal.cl\/index.php?rest_route=\/wp\/v2\/posts"}],"about":[{"href":"https:\/\/www.semanariolocal.cl\/index.php?rest_route=\/wp\/v2\/types\/post"}],"author":[{"embeddable":true,"href":"https:\/\/www.semanariolocal.cl\/index.php?rest_route=\/wp\/v2\/users\/1"}],"replies":[{"embeddable":true,"href":"https:\/\/www.semanariolocal.cl\/index.php?rest_route=%2Fwp%2Fv2%2Fcomments&post=6569"}],"version-history":[{"count":1,"href":"https:\/\/www.semanariolocal.cl\/index.php?rest_route=\/wp\/v2\/posts\/6569\/revisions"}],"predecessor-version":[{"id":6570,"href":"https:\/\/www.semanariolocal.cl\/index.php?rest_route=\/wp\/v2\/posts\/6569\/revisions\/6570"}],"wp:featuredmedia":[{"embeddable":true,"href":"https:\/\/www.semanariolocal.cl\/index.php?rest_route=\/wp\/v2\/media\/6575"}],"wp:attachment":[{"href":"https:\/\/www.semanariolocal.cl\/index.php?rest_route=%2Fwp%2Fv2%2Fmedia&parent=6569"}],"wp:term":[{"taxonomy":"category","embeddable":true,"href":"https:\/\/www.semanariolocal.cl\/index.php?rest_route=%2Fwp%2Fv2%2Fcategories&post=6569"},{"taxonomy":"post_tag","embeddable":true,"href":"https:\/\/www.semanariolocal.cl\/index.php?rest_route=%2Fwp%2Fv2%2Ftags&post=6569"}],"curies":[{"name":"wp","href":"https:\/\/api.w.org\/{rel}","templated":true}]}}