{"id":6566,"date":"2022-06-14T07:00:00","date_gmt":"2022-06-14T11:00:00","guid":{"rendered":"https:\/\/www.semanariolocal.cl\/?p=6566"},"modified":"2022-06-14T10:46:30","modified_gmt":"2022-06-14T14:46:30","slug":"santo-tomas-osorno-invita-a-feria-virtual-ip-cft-admision-2023","status":"publish","type":"post","link":"https:\/\/www.semanariolocal.cl\/?p=6566","title":{"rendered":"Santo Tom\u00e1s Osorno invita a feria virtual IP CFT Admisi\u00f3n 2023"},"content":{"rendered":"\n<p>En el marco del Proceso de Admisi\u00f3n 2023, la Vicerrector\u00eda de Estudiantes y Vinculaci\u00f3n con el Medio de Santo Tom\u00e1s realizar\u00e1 este mi\u00e9rcoles 15 de junio una Feria Virtual dirigida a futuros estudiantes y a todos quienes est\u00e9n interesados en continuar su educaci\u00f3n superior en el Instituto Profesional y Centro de Formaci\u00f3n T\u00e9cnica, actividad que se llevar\u00e1 a cabo de manera online entre las 17:00 a 19:30 horas.<\/p>\n\n\n\n<p>En espec\u00edfico, se dar\u00e1 a conocer la diversidad de carreras t\u00e9cnicas y profesionales que ofrece la Instituci\u00f3n, as\u00ed como tambi\u00e9n informar a los j\u00f3venes sobre las becas y beneficios que otorga Santo Tom\u00e1s y el Ministerio de Educaci\u00f3n.<\/p>\n\n\n\n<p>Al respecto, se refiri\u00f3 la Directora de Admisi\u00f3n Santo Tom\u00e1s Osorno, Ver\u00f3nica Le-Fort, quien invit\u00f3 a los estudiantes e interesados en general a participar de este espacio informativo sobre la oferta acad\u00e9mica para 2023. \u201cEs una muy buena instancia para informarte en vivo de todas las carreras que el Instituto Profesional y Centro de Formaci\u00f3n T\u00e9cnica tiene para el proceso Admisi\u00f3n 2023, ser\u00e1 v\u00eda Teams y pueden inscribirse en feriavirtualst.cl o tupuedes.cl\u201d, indic\u00f3.<\/p>\n\n\n\n<p>Adem\u00e1s, se dar\u00e1n a conocer las diferentes jornadas y modalidades de las carreras vespertinas, y la postulaci\u00f3n a la gratuidad, becas y beneficios que ofrece la Instituci\u00f3n.<\/p>\n\n\n\n<p>\u201cEsperamos que ese d\u00eda se sumen muchos j\u00f3venes, nos interesa que est\u00e9n informados al momento de decidir su futuro en la educaci\u00f3n superior\u201d, agreg\u00f3 la Directora de Admisi\u00f3n.<\/p>\n\n\n\n<p>Reiterar que la actividad nacional ser\u00e1 transmitida a trav\u00e9s de la plataforma Teams y las y los interesados podr\u00e1n inscribirse en el sitio web de la Feria Virtual, haciendo <a href=\"about:blank\">clic aqu\u00ed <\/a>.<\/p>\n","protected":false},"excerpt":{"rendered":"<p>\u2022\tEn la oportunidad los estudiantes podr\u00e1n conocer la amplia oferta de carreras t\u00e9cnicas y profesionales que imparte el Instituto Profesional y Centro de Formaci\u00f3n T\u00e9cnica Santo Tom\u00e1s <\/p>\n","protected":false},"author":1,"featured_media":6567,"comment_status":"closed","ping_status":"closed","sticky":false,"template":"","format":"standard","meta":{"footnotes":""},"categories":[3],"tags":[],"class_list":["post-6566","post","type-post","status-publish","format-standard","has-post-thumbnail","hentry","category-al-dia"],"_links":{"self":[{"href":"https:\/\/www.semanariolocal.cl\/index.php?rest_route=\/wp\/v2\/posts\/6566","targetHints":{"allow":["GET"]}}],"collection":[{"href":"https:\/\/www.semanariolocal.cl\/index.php?rest_route=\/wp\/v2\/posts"}],"about":[{"href":"https:\/\/www.semanariolocal.cl\/index.php?rest_route=\/wp\/v2\/types\/post"}],"author":[{"embeddable":true,"href":"https:\/\/www.semanariolocal.cl\/index.php?rest_route=\/wp\/v2\/users\/1"}],"replies":[{"embeddable":true,"href":"https:\/\/www.semanariolocal.cl\/index.php?rest_route=%2Fwp%2Fv2%2Fcomments&post=6566"}],"version-history":[{"count":1,"href":"https:\/\/www.semanariolocal.cl\/index.php?rest_route=\/wp\/v2\/posts\/6566\/revisions"}],"predecessor-version":[{"id":6568,"href":"https:\/\/www.semanariolocal.cl\/index.php?rest_route=\/wp\/v2\/posts\/6566\/revisions\/6568"}],"wp:featuredmedia":[{"embeddable":true,"href":"https:\/\/www.semanariolocal.cl\/index.php?rest_route=\/wp\/v2\/media\/6567"}],"wp:attachment":[{"href":"https:\/\/www.semanariolocal.cl\/index.php?rest_route=%2Fwp%2Fv2%2Fmedia&parent=6566"}],"wp:term":[{"taxonomy":"category","embeddable":true,"href":"https:\/\/www.semanariolocal.cl\/index.php?rest_route=%2Fwp%2Fv2%2Fcategories&post=6566"},{"taxonomy":"post_tag","embeddable":true,"href":"https:\/\/www.semanariolocal.cl\/index.php?rest_route=%2Fwp%2Fv2%2Ftags&post=6566"}],"curies":[{"name":"wp","href":"https:\/\/api.w.org\/{rel}","templated":true}]}}