{"id":6563,"date":"2022-06-14T10:00:00","date_gmt":"2022-06-14T14:00:00","guid":{"rendered":"https:\/\/www.semanariolocal.cl\/?p=6563"},"modified":"2022-06-14T10:42:25","modified_gmt":"2022-06-14T14:42:25","slug":"senador-castro-propone-adelantar-al-4-de-julio-vacaciones-de-invierno-por-alza-de-contagios","status":"publish","type":"post","link":"https:\/\/www.semanariolocal.cl\/?p=6563","title":{"rendered":"Senador Castro propone adelantar al 4 de Julio vacaciones de invierno por alza de contagios"},"content":{"rendered":"\n<p>El senador Socialista Juan Luis Castro manifest\u00f3 su preocupaci\u00f3n por el actual alza de contagios, defini\u00e9ndola como un \u00abcoctel de virus respiratorio, que seg\u00fan dijo, impactar\u00e1 fundamentalmente a los ni\u00f1os. A su juicio, este delicado escenario amerita adelantar las vacaciones de los estudiantes para el 4 de Julio y extenderlas por tres semanas.&nbsp;<br>El senador sostuvo que \u00abestamos viviendo el peor momento epidemiol\u00f3gico&nbsp;en virus respiratorios en Chile y hoy tenemos una quinta ola de Covid que va en ascenso. Ya existe un alza superior a la del 2019, en los peak que hubo en esa \u00e9poca de virus respiratorios sincicial, influenza, para influenza y metaneumonia\u00bb.<br>Recalc\u00f3 que \u00abesto significa que las semanas que vienen este coctel de virus respiratorio va a afectar principalmente a los ni\u00f1os. Por lo tanto, en las condiciones de virtual saturaci\u00f3n de camas de los hospitales pedi\u00e1tricos y generales de Chile, donde siguen creciendo el n\u00famero de casos de Covid y los otros virus respiratorios, es razonable y l\u00f3gico, adelantar las vacaciones de invierno para el 4 de Julio y extenderlas por tres semanas\u00bb.<br>El senador Castro considera que \u00abde esta forma se puede evitar la contagiosidad y la propagaci\u00f3n de estos virus respiratorios, que todos ellos, suman un coctel que puede ser extremadamente agresivo. Incluso, letal, si no se adoptan las medidas necesarias y concretas\u00bb.<br>Recuerda que en los dos a\u00f1os de pandemia pasados, no se visibilizaban estos otros virus porque nos ni\u00f1os estaban telem\u00e1ticos y no presenciales en clases. \u00abEl solo hecho de estar juntos, sin control de mascarillas y sin control de aforo, evidentemente que favorece la transmisi\u00f3n. Es por eso que presentar\u00e9 esta propuesta en la Comisi\u00f3n de Salud del Senado, porque la situaci\u00f3n inminente que se viene, son m\u00e1s casos\u00bb. concluy\u00f3 el senador Juan Luis Castro.<\/p>\n","protected":false},"excerpt":{"rendered":"<p>El m\u00e9dico y parlamentario formalizar\u00e1 esta propuesta en la Comisi\u00f3n de Salud del Senado, de la cual forma parte.<\/p>\n","protected":false},"author":1,"featured_media":6564,"comment_status":"closed","ping_status":"closed","sticky":false,"template":"","format":"standard","meta":{"footnotes":""},"categories":[11],"tags":[],"class_list":["post-6563","post","type-post","status-publish","format-standard","has-post-thumbnail","hentry","category-educacion"],"_links":{"self":[{"href":"https:\/\/www.semanariolocal.cl\/index.php?rest_route=\/wp\/v2\/posts\/6563","targetHints":{"allow":["GET"]}}],"collection":[{"href":"https:\/\/www.semanariolocal.cl\/index.php?rest_route=\/wp\/v2\/posts"}],"about":[{"href":"https:\/\/www.semanariolocal.cl\/index.php?rest_route=\/wp\/v2\/types\/post"}],"author":[{"embeddable":true,"href":"https:\/\/www.semanariolocal.cl\/index.php?rest_route=\/wp\/v2\/users\/1"}],"replies":[{"embeddable":true,"href":"https:\/\/www.semanariolocal.cl\/index.php?rest_route=%2Fwp%2Fv2%2Fcomments&post=6563"}],"version-history":[{"count":1,"href":"https:\/\/www.semanariolocal.cl\/index.php?rest_route=\/wp\/v2\/posts\/6563\/revisions"}],"predecessor-version":[{"id":6565,"href":"https:\/\/www.semanariolocal.cl\/index.php?rest_route=\/wp\/v2\/posts\/6563\/revisions\/6565"}],"wp:featuredmedia":[{"embeddable":true,"href":"https:\/\/www.semanariolocal.cl\/index.php?rest_route=\/wp\/v2\/media\/6564"}],"wp:attachment":[{"href":"https:\/\/www.semanariolocal.cl\/index.php?rest_route=%2Fwp%2Fv2%2Fmedia&parent=6563"}],"wp:term":[{"taxonomy":"category","embeddable":true,"href":"https:\/\/www.semanariolocal.cl\/index.php?rest_route=%2Fwp%2Fv2%2Fcategories&post=6563"},{"taxonomy":"post_tag","embeddable":true,"href":"https:\/\/www.semanariolocal.cl\/index.php?rest_route=%2Fwp%2Fv2%2Ftags&post=6563"}],"curies":[{"name":"wp","href":"https:\/\/api.w.org\/{rel}","templated":true}]}}