{"id":6560,"date":"2022-06-14T10:15:00","date_gmt":"2022-06-14T14:15:00","guid":{"rendered":"https:\/\/www.semanariolocal.cl\/?p=6560"},"modified":"2022-06-14T10:34:55","modified_gmt":"2022-06-14T14:34:55","slug":"chile-y-argentina-acuerdan-intercambio-energetico","status":"publish","type":"post","link":"https:\/\/www.semanariolocal.cl\/?p=6560","title":{"rendered":"Chile y Argentina acuerdan intercambio energ\u00e9tico"},"content":{"rendered":"\n<p>Un importante anuncio realiz\u00f3 el presidente Gabriel Boric junto a su par argentino, Alberto Fern\u00e1ndez, en el contexto de la novena versi\u00f3n de la Cumbre de las Am\u00e9ricas, celebrada en Los \u00c1ngeles, California, EEUU, sobre intercambio energ\u00e9tico.<\/p>\n\n\n\n<p>A partir de junio de este a\u00f1o, Argentina exportar\u00e1 gas natural a Chile. Este gas abastece al Gaseoducto del Pac\u00edfico que abarca la regi\u00f3n del Biob\u00edo y \u00d1uble, cubriendo las ciudades de Chill\u00e1n, Los \u00c1ngeles y Concepci\u00f3n. Son 300.000 metros c\u00fabicos de gas natural que ingresar\u00e1n diariamente durante este a\u00f1o y hasta el 30 de septiembre de 2023.<\/p>\n\n\n\n<p>\u201cM\u00e1s de 30.000 familias de Concepci\u00f3n y Los \u00c1ngeles tendr\u00e1n una baja de un 15% aproximadamente en sus cuentas de gas por ca\u00f1er\u00eda, lo que ser\u00e1 una realidad ya a fines de junio y principio de julio. Adem\u00e1s, estamos gestionando una reducci\u00f3n de precios similar para la ciudad de Chill\u00e1n. Esta gesti\u00f3n es fundamental para ayudar a las familias del pa\u00eds en un contexto inflacionario mundial\u201d, destac\u00f3 el&nbsp;<strong>ministro de Energ\u00eda, Claudio Huepe.<\/strong><\/p>\n\n\n\n<p>En paralelo, se lanz\u00f3 licitaci\u00f3n para que las empresas argentinas provean de 4 millones de metros c\u00fabicos diarios de gas natural a firme, desde la cuenca neuquina a Chile.<\/p>\n\n\n\n<p>Por otra parte, el acuerdo considera la posibilidad de importar y exportar electricidad entre Chile y Argentina a trav\u00e9s de la l\u00ednea de transmisi\u00f3n Andes-Cobos (345 kV). Esta l\u00ednea se ha mantenido fuera de operaci\u00f3n desde el a\u00f1o 2017, por lo que ahora a trav\u00e9s de la firma de un decreto que emite el Ministerio de Energ\u00eda, se autoriza nuevamente el intercambio de energ\u00eda entre los sistemas el\u00e9ctricos de ambos pa\u00edses.<\/p>\n\n\n\n<p>Lo interesante de esta medida es que Chile exportar\u00e1 electricidad proveniente de vertimientos de energ\u00eda solar.&nbsp; As\u00ed, se producir\u00e1 un intercambio de energ\u00eda, disminuyendo costos de operaci\u00f3n o aumento de su seguridad. Con ello, ambos sistemas el\u00e9ctricos, chileno y argentino, se ver\u00e1n beneficiados.<\/p>\n\n\n\n<p><strong>El ministro de Energ\u00eda, Claudio Huepe<\/strong>\u00a0destac\u00f3 que estas iniciativas \u201csin duda favorecen la integraci\u00f3n regional y el intercambio de energ\u00eda. Hoy Chile avanza en la integraci\u00f3n energ\u00e9tica con la regi\u00f3n, lo que permite contribuir a garantizar la seguridad del suministro. Adem\u00e1s, nos permite promover intercambios bilaterales de energ\u00eda el\u00e9ctrica y gas con el consiguiente ahorro de costos para ambos pa\u00edses, mostrando la complementariedad energ\u00e9tica que tenemos y el buen momento que estamos teniendo con nuestros vecinos\u201d.<\/p>\n","protected":false},"excerpt":{"rendered":"<p>A partir de este mes y hasta el 30 de septiembre de 2023, Argentina entregar\u00e1 diariamente 300.000 m3 de gas a Chile. Por su parte, Chile habilitar\u00e1 una l\u00ednea de transmisi\u00f3n en la zona norte del pa\u00eds, que permitir\u00e1 el intercambio de electricidad con el pa\u00eds vecino.<\/p>\n","protected":false},"author":1,"featured_media":6561,"comment_status":"closed","ping_status":"closed","sticky":false,"template":"","format":"standard","meta":{"footnotes":""},"categories":[12],"tags":[],"class_list":["post-6560","post","type-post","status-publish","format-standard","has-post-thumbnail","hentry","category-economia"],"_links":{"self":[{"href":"https:\/\/www.semanariolocal.cl\/index.php?rest_route=\/wp\/v2\/posts\/6560","targetHints":{"allow":["GET"]}}],"collection":[{"href":"https:\/\/www.semanariolocal.cl\/index.php?rest_route=\/wp\/v2\/posts"}],"about":[{"href":"https:\/\/www.semanariolocal.cl\/index.php?rest_route=\/wp\/v2\/types\/post"}],"author":[{"embeddable":true,"href":"https:\/\/www.semanariolocal.cl\/index.php?rest_route=\/wp\/v2\/users\/1"}],"replies":[{"embeddable":true,"href":"https:\/\/www.semanariolocal.cl\/index.php?rest_route=%2Fwp%2Fv2%2Fcomments&post=6560"}],"version-history":[{"count":1,"href":"https:\/\/www.semanariolocal.cl\/index.php?rest_route=\/wp\/v2\/posts\/6560\/revisions"}],"predecessor-version":[{"id":6562,"href":"https:\/\/www.semanariolocal.cl\/index.php?rest_route=\/wp\/v2\/posts\/6560\/revisions\/6562"}],"wp:featuredmedia":[{"embeddable":true,"href":"https:\/\/www.semanariolocal.cl\/index.php?rest_route=\/wp\/v2\/media\/6561"}],"wp:attachment":[{"href":"https:\/\/www.semanariolocal.cl\/index.php?rest_route=%2Fwp%2Fv2%2Fmedia&parent=6560"}],"wp:term":[{"taxonomy":"category","embeddable":true,"href":"https:\/\/www.semanariolocal.cl\/index.php?rest_route=%2Fwp%2Fv2%2Fcategories&post=6560"},{"taxonomy":"post_tag","embeddable":true,"href":"https:\/\/www.semanariolocal.cl\/index.php?rest_route=%2Fwp%2Fv2%2Ftags&post=6560"}],"curies":[{"name":"wp","href":"https:\/\/api.w.org\/{rel}","templated":true}]}}