{"id":6552,"date":"2022-06-14T10:20:00","date_gmt":"2022-06-14T14:20:00","guid":{"rendered":"https:\/\/www.semanariolocal.cl\/?p=6552"},"modified":"2022-06-14T10:27:12","modified_gmt":"2022-06-14T14:27:12","slug":"proyecto-de-acuerdo-que-busca-aumentar-el-monto-de-subsidios-habitacionales","status":"publish","type":"post","link":"https:\/\/www.semanariolocal.cl\/?p=6552","title":{"rendered":"Proyecto de acuerdo busca aumentar el monto de subsidios habitacionales"},"content":{"rendered":"\n<p>La iniciativa busca que el ejecutivo aumente o actualice los montos de los subsidios habitacionales DS1 y DS49, destinados principalmente a sectores medios y familias vulnerables. Muchas familias se han visto en el problema de no ejecutar el beneficio debido al aumento considerable de las viviendas, el alza de los materiales y el d\u00e9ficit habitacional.<\/p>\n\n\n\n<p>El Senador por la regi\u00f3n de Los Lagos, Iv\u00e1n Moreira, dio cuenta de la necesidad que existe de elevar el monto de los beneficios, asegurando que cada d\u00eda es m\u00e1s complejo adquirir una vivienda.<\/p>\n\n\n\n<p><em>\u201cEl sue\u00f1o de casa propia est\u00e1 cada d\u00eda m\u00e1s lejano para miles de familias de nuestra regi\u00f3n. La escasez en la mano de obra, el alt\u00edsimo costo de los materiales, el precio de los fletes, las tasas de inter\u00e9s y la falta de terrenos para edificar se han convertido en un verdadero murall\u00f3n que limita las posibilidades de adquirir una vivienda. Los m\u00e1s afectados, como siempre, son quienes menos tienen. Es por esto que, en el Senado, aprobamos un proyecto de acuerdo para aumentar el monto de los subsidios habitacionales, particularmente el DS1 y DS49. El gobierno tiene la obligaci\u00f3n de mejorarlos o al menos actualizarlos, de acuerdo con las condiciones que vive nuestro pa\u00eds, con una inflaci\u00f3n desatada que golpea d\u00eda a d\u00eda los bolsillos. El objetivo es que los subsidios entregados, pero sin ejecuci\u00f3n y los que est\u00e1n por entregar, puedan ser favorecidos con un alza en los montos, que permita compensar en alguna medida el alto costo de las viviendas y de esta manera permitir que las empresas constructoras puedan construir, de lo contrario, las expectativas de la gente se ver\u00e1n frustradas porque no habr\u00e1 posibilidad de edificar. Me parece importante que el gobierno entienda que esta situaci\u00f3n es en todo el pa\u00eds, especialmente en las regiones extremas y aisladas.\u201d<\/em><\/p>\n\n\n\n<p>Moreira explic\u00f3 que uno de los problemas m\u00e1s complejos que enfrenta la regi\u00f3n para superar el d\u00e9ficit habitacional, es la dificultad de encontrar terrenos id\u00f3neos para construir nuevas viviendas, asegurando que es necesario actualizar planos reguladores comunales que permitan la edificaci\u00f3n de viviendas en sectores con factibilidad, con acceso a servicios y que permitan mejorar la calidad de vida de los vecinos.<\/p>\n","protected":false},"excerpt":{"rendered":"<p>La propuesta del Senado busca que sean favorecidos los subsidios entregados sin ejecuci\u00f3n y los que est\u00e1n por entregar. <\/p>\n","protected":false},"author":1,"featured_media":6553,"comment_status":"closed","ping_status":"closed","sticky":false,"template":"","format":"standard","meta":{"footnotes":""},"categories":[6],"tags":[],"class_list":["post-6552","post","type-post","status-publish","format-standard","has-post-thumbnail","hentry","category-politica"],"_links":{"self":[{"href":"https:\/\/www.semanariolocal.cl\/index.php?rest_route=\/wp\/v2\/posts\/6552","targetHints":{"allow":["GET"]}}],"collection":[{"href":"https:\/\/www.semanariolocal.cl\/index.php?rest_route=\/wp\/v2\/posts"}],"about":[{"href":"https:\/\/www.semanariolocal.cl\/index.php?rest_route=\/wp\/v2\/types\/post"}],"author":[{"embeddable":true,"href":"https:\/\/www.semanariolocal.cl\/index.php?rest_route=\/wp\/v2\/users\/1"}],"replies":[{"embeddable":true,"href":"https:\/\/www.semanariolocal.cl\/index.php?rest_route=%2Fwp%2Fv2%2Fcomments&post=6552"}],"version-history":[{"count":2,"href":"https:\/\/www.semanariolocal.cl\/index.php?rest_route=\/wp\/v2\/posts\/6552\/revisions"}],"predecessor-version":[{"id":6555,"href":"https:\/\/www.semanariolocal.cl\/index.php?rest_route=\/wp\/v2\/posts\/6552\/revisions\/6555"}],"wp:featuredmedia":[{"embeddable":true,"href":"https:\/\/www.semanariolocal.cl\/index.php?rest_route=\/wp\/v2\/media\/6553"}],"wp:attachment":[{"href":"https:\/\/www.semanariolocal.cl\/index.php?rest_route=%2Fwp%2Fv2%2Fmedia&parent=6552"}],"wp:term":[{"taxonomy":"category","embeddable":true,"href":"https:\/\/www.semanariolocal.cl\/index.php?rest_route=%2Fwp%2Fv2%2Fcategories&post=6552"},{"taxonomy":"post_tag","embeddable":true,"href":"https:\/\/www.semanariolocal.cl\/index.php?rest_route=%2Fwp%2Fv2%2Ftags&post=6552"}],"curies":[{"name":"wp","href":"https:\/\/api.w.org\/{rel}","templated":true}]}}