{"id":6549,"date":"2022-06-14T10:22:50","date_gmt":"2022-06-14T14:22:50","guid":{"rendered":"https:\/\/www.semanariolocal.cl\/?p=6549"},"modified":"2022-06-14T10:22:51","modified_gmt":"2022-06-14T14:22:51","slug":"onu-michelle-bachelet-solo-tiene-unos-meses-para-corregir-su-falta-de-medidas-sobre-china","status":"publish","type":"post","link":"https:\/\/www.semanariolocal.cl\/?p=6549","title":{"rendered":"ONU: Michelle Bachelet s\u00f3lo tiene unos meses para corregir su falta de medidas sobre China"},"content":{"rendered":"\n<p>La alta comisionada de la ONU para los derechos humanos, Michelle Bachelet, ha anunciado hoy que no se presentar\u00e1 a un segundo mandato cuando concluya el actual en agosto, pero ha asegurado que su oficina pretende concluir un informe largamente esperado sobre la situaci\u00f3n de los derechos humanos en la regi\u00f3n china de Xinjiang antes de su marcha.<\/p>\n\n\n\n<p>Bachelet fue muy criticada durante su reciente visita a China por no condenar los cr\u00edmenes de lesa humanidad y otras violaciones graves de derechos humanos cometidas por las autoridades chinas. En el discurso que ha pronunciado hoy ante el Consejo de Derechos Humanos de la ONU, Bachelet ha afirmado que el informe se est\u00e1 actualizando y que se remitir\u00e1 a las autoridades chinas para recabar sus impresiones.<\/p>\n\n\n\n<p><em>\u201cMichelle Bachelet s\u00f3lo tiene dos meses y medio para corregir su falta de medidas sobre China. Su negativa a denunciar tanto los cr\u00edmenes de lesa humanidad del gobierno chino en Xinjiang como su desastroso historial de derechos humanos en todo el pa\u00eds ha traicionado a incontables v\u00edctimas y sobrevivientes. Si no adopta medidas de inmediato, la incapacidad de Michelle Bachelet para aguantar la presi\u00f3n pol\u00edtica de China ser\u00e1 una parte fundamental de su legado<\/em>\u201d, ha manifestado Agn\u00e8s Callamard, secretaria general de Amnist\u00eda Internacional.<\/p>\n\n\n\n<p><br><em>\u201cPedimos a Michelle Bachelet que concluya su mandato actuando con la valent\u00eda y los principios que requiere el cargo de alta comisionada. El informe sobre Xinjiang, pendiente desde hace tiempo, debe publicarse cuanto antes, ya que el camino a la justicia empieza por descubrir el&nbsp;<a href=\"https:\/\/xinjiang.amnesty.org\/\" target=\"_blank\" rel=\"noreferrer noopener\"><strong>verdadero alcance y magnitud<\/strong><\/a>&nbsp;de los abusos cometidos. Reiteramos nuestro llamamiento a Michelle Bachelet para que condene las violaciones de derechos humanos que sigue cometiendo el gobierno chino en Xinjiang y otros lugares, y as\u00ed prepare el terreno para obtener rendici\u00f3n de cuentas, verdad y justicia.<\/em><\/p>\n\n\n\n<p><em><br>Pedimos al secretario general de la ONU, Ant\u00f3nio Guterres, que garantice que el pr\u00f3ximo nombramiento para el cargo de Alto Comisionado se hace de forma abierta y transparente, y en funci\u00f3n de criterios claros. Este importante puesto requiere un titular de mandato independiente, con principios y con una trayectoria probada de compromiso profundo con los derechos humanos.\u201d<\/em><\/p>\n\n\n\n<p>Michelle Bachelet anunci\u00f3 su marcha durante la&nbsp;<a href=\"https:\/\/www.ohchr.org\/en\/statements\/2022\/06\/oral-update-global-human-rights-developments-and-activities-un-human-rights\" target=\"_blank\" rel=\"noreferrer noopener\"><strong>presentaci\u00f3n<\/strong><\/a>&nbsp;de su informe anual ante el Consejo de Derechos Humanos de la ONU.<\/p>\n","protected":false},"excerpt":{"rendered":"<p>La alta comisionada de la ONU para los derechos humanos, Michelle Bachelet, ha anunciado hoy que no se presentar\u00e1 a un segundo mandato cuando concluya el actual en agosto, pero ha asegurado que su oficina pretende concluir un informe largamente esperado sobre la situaci\u00f3n de los derechos humanos en la regi\u00f3n china de Xinjiang antes&#8230;<a class=\"btnReadMore\" href=\"https:\/\/www.semanariolocal.cl\/?p=6549\"> Leer M\u00e1s<\/a><\/p>\n","protected":false},"author":1,"featured_media":6550,"comment_status":"closed","ping_status":"closed","sticky":false,"template":"","format":"standard","meta":{"footnotes":""},"categories":[3],"tags":[],"class_list":["post-6549","post","type-post","status-publish","format-standard","has-post-thumbnail","hentry","category-al-dia"],"_links":{"self":[{"href":"https:\/\/www.semanariolocal.cl\/index.php?rest_route=\/wp\/v2\/posts\/6549","targetHints":{"allow":["GET"]}}],"collection":[{"href":"https:\/\/www.semanariolocal.cl\/index.php?rest_route=\/wp\/v2\/posts"}],"about":[{"href":"https:\/\/www.semanariolocal.cl\/index.php?rest_route=\/wp\/v2\/types\/post"}],"author":[{"embeddable":true,"href":"https:\/\/www.semanariolocal.cl\/index.php?rest_route=\/wp\/v2\/users\/1"}],"replies":[{"embeddable":true,"href":"https:\/\/www.semanariolocal.cl\/index.php?rest_route=%2Fwp%2Fv2%2Fcomments&post=6549"}],"version-history":[{"count":1,"href":"https:\/\/www.semanariolocal.cl\/index.php?rest_route=\/wp\/v2\/posts\/6549\/revisions"}],"predecessor-version":[{"id":6551,"href":"https:\/\/www.semanariolocal.cl\/index.php?rest_route=\/wp\/v2\/posts\/6549\/revisions\/6551"}],"wp:featuredmedia":[{"embeddable":true,"href":"https:\/\/www.semanariolocal.cl\/index.php?rest_route=\/wp\/v2\/media\/6550"}],"wp:attachment":[{"href":"https:\/\/www.semanariolocal.cl\/index.php?rest_route=%2Fwp%2Fv2%2Fmedia&parent=6549"}],"wp:term":[{"taxonomy":"category","embeddable":true,"href":"https:\/\/www.semanariolocal.cl\/index.php?rest_route=%2Fwp%2Fv2%2Fcategories&post=6549"},{"taxonomy":"post_tag","embeddable":true,"href":"https:\/\/www.semanariolocal.cl\/index.php?rest_route=%2Fwp%2Fv2%2Ftags&post=6549"}],"curies":[{"name":"wp","href":"https:\/\/api.w.org\/{rel}","templated":true}]}}