{"id":6545,"date":"2022-06-12T07:20:00","date_gmt":"2022-06-12T11:20:00","guid":{"rendered":"https:\/\/www.semanariolocal.cl\/?p=6545"},"modified":"2022-06-11T23:01:29","modified_gmt":"2022-06-12T03:01:29","slug":"desarrollando-y-potenciando-a-nuestros-jovenes-desde-la-sicologia","status":"publish","type":"post","link":"https:\/\/www.semanariolocal.cl\/?p=6545","title":{"rendered":"Desarrollando y potenciando a nuestros j\u00f3venes desde la sicolog\u00eda"},"content":{"rendered":"\n<p>En la actualidad, nuestra sociedad se encuentra tensionada con diferentes procesos sociales, econ\u00f3micos, salud p\u00fablica y pol\u00edticos. En ese contexto nos agobian diversas situaciones que destacan negativamente en nuestra realidad, como son la violencia- en distintos \u00e1mbitos y niveles (especialmente en el contexto escolar)-, la delincuencia, teniendo como ejemplo emblem\u00e1tico, los portonazos, entre otros. En general, se vive un ambiente pesimista que puede reforzar la mirada desesperanzadora de la juventud con mucha incertidumbre y no muchos recursos para hacerle frente, todo acompa\u00f1ado de un contexto de pandemia que limit\u00f3 el proceso formativo de nuestros j\u00f3venes.<\/p>\n\n\n\n<p>Uno de los elementos que se ha relevado en forma transversal es la salud mental, en t\u00e9rminos de otorgarle la importancia y recursos necesarios para enfrentar las problem\u00e1ticas de nuestra sociedad.<\/p>\n\n\n\n<p>En esa misma l\u00ednea, pero haciendo \u00e9nfasis en la mirada preventiva, est\u00e1 la promoci\u00f3n del desarrollo de recursos personales para enfrentar los diversos desaf\u00edos que nos pone el contexto actual. Desde la Psicolog\u00eda Positiva surge el concepto de Capital Psicol\u00f3gico (CP) que es definido como un estado psicol\u00f3gico positivo de desarrollo personal caracterizado por: tener confianza en s\u00ed mismo (autoeficacia) para emprender y dedicar el esfuerzo necesario con el prop\u00f3sito de lograr el \u00e9xito en tareas retadoras; hacer atribuciones positivas (optimismo) sobre los sucesos presentes y futuros; perseverar hasta el cumplimiento de objetivos y reorientar las trayectorias de \u00e9stos si fuera necesario (esperanza) para tener \u00e9xito, y como \u00faltimo, ante situaciones problem\u00e1ticas o adversidades, mantenerse y recuperarse (resiliencia) para lograr el \u00e9xito (Luthans, Youssef\u2013Morgan &amp; Avolio, 2015).<\/p>\n\n\n\n<p>Actualmente en la Universidad Santo Tom\u00e1s, en la carrera de Psicolog\u00eda de las sedes de Osorno y Puerto Montt, se est\u00e1 implementando un Proyecto de Innovaci\u00f3n con el fin de fomentar el Capital Psicol\u00f3gico en los estudiantes universitarios, a trav\u00e9s de un entrenamiento en Optimismo, Resiliencia, Esperanza y Autoeficacia. La investigaci\u00f3n reciente confirma el rol del Capital Psicol\u00f3gico en una serie de variables relacionadas al bienestar y desempe\u00f1o acad\u00e9mico, (Luthans et al. 2012).<\/p>\n\n\n\n<p>Por tanto, los resultados del estudio permitir\u00e1n determinar el efecto de la intervenci\u00f3n y su potencial aplicabilidad en diversos contextos. Es nuestra obligaci\u00f3n promover este tipo de iniciativas que nos ayudan a centrarnos en potenciar los recursos de los j\u00f3venes y dando una mirada optimista y esperanzadora del futuro.<\/p>\n\n\n\n<p><strong>Por Arturo Ayres Pinto<\/strong> &#8211; <strong>Director carrera de Psicolog\u00eda<\/strong> &#8211; <strong>Universidad Santo Tom\u00e1s Osorno<\/strong><\/p>\n","protected":false},"excerpt":{"rendered":"<p>En la actualidad, nuestra sociedad se encuentra tensionada con diferentes procesos sociales, econ\u00f3micos, salud p\u00fablica y pol\u00edticos. En ese contexto nos agobian diversas situaciones que destacan negativamente en nuestra realidad, como son la violencia- en distintos \u00e1mbitos y niveles (especialmente en el contexto escolar)-, la delincuencia, teniendo como ejemplo emblem\u00e1tico, los portonazos, entre otros. En&#8230;<a class=\"btnReadMore\" href=\"https:\/\/www.semanariolocal.cl\/?p=6545\"> Leer M\u00e1s<\/a><\/p>\n","protected":false},"author":1,"featured_media":6546,"comment_status":"closed","ping_status":"closed","sticky":false,"template":"","format":"standard","meta":{"footnotes":""},"categories":[7],"tags":[],"class_list":["post-6545","post","type-post","status-publish","format-standard","has-post-thumbnail","hentry","category-opinion"],"_links":{"self":[{"href":"https:\/\/www.semanariolocal.cl\/index.php?rest_route=\/wp\/v2\/posts\/6545","targetHints":{"allow":["GET"]}}],"collection":[{"href":"https:\/\/www.semanariolocal.cl\/index.php?rest_route=\/wp\/v2\/posts"}],"about":[{"href":"https:\/\/www.semanariolocal.cl\/index.php?rest_route=\/wp\/v2\/types\/post"}],"author":[{"embeddable":true,"href":"https:\/\/www.semanariolocal.cl\/index.php?rest_route=\/wp\/v2\/users\/1"}],"replies":[{"embeddable":true,"href":"https:\/\/www.semanariolocal.cl\/index.php?rest_route=%2Fwp%2Fv2%2Fcomments&post=6545"}],"version-history":[{"count":1,"href":"https:\/\/www.semanariolocal.cl\/index.php?rest_route=\/wp\/v2\/posts\/6545\/revisions"}],"predecessor-version":[{"id":6547,"href":"https:\/\/www.semanariolocal.cl\/index.php?rest_route=\/wp\/v2\/posts\/6545\/revisions\/6547"}],"wp:featuredmedia":[{"embeddable":true,"href":"https:\/\/www.semanariolocal.cl\/index.php?rest_route=\/wp\/v2\/media\/6546"}],"wp:attachment":[{"href":"https:\/\/www.semanariolocal.cl\/index.php?rest_route=%2Fwp%2Fv2%2Fmedia&parent=6545"}],"wp:term":[{"taxonomy":"category","embeddable":true,"href":"https:\/\/www.semanariolocal.cl\/index.php?rest_route=%2Fwp%2Fv2%2Fcategories&post=6545"},{"taxonomy":"post_tag","embeddable":true,"href":"https:\/\/www.semanariolocal.cl\/index.php?rest_route=%2Fwp%2Fv2%2Ftags&post=6545"}],"curies":[{"name":"wp","href":"https:\/\/api.w.org\/{rel}","templated":true}]}}