{"id":6536,"date":"2022-06-12T07:05:00","date_gmt":"2022-06-12T11:05:00","guid":{"rendered":"https:\/\/www.semanariolocal.cl\/?p=6536"},"modified":"2022-06-11T22:00:32","modified_gmt":"2022-06-12T02:00:32","slug":"diputados-udi-advierten-que-nueva-constitucion-agravara-la-situacion-economica-de-los-chilenos","status":"publish","type":"post","link":"https:\/\/www.semanariolocal.cl\/?p=6536","title":{"rendered":"Diputados UDI advierten que nueva Constituci\u00f3n \u201cagravar\u00e1 la situaci\u00f3n econ\u00f3mica de los chilenos\u201d"},"content":{"rendered":"\n<p>Los diputados de la UDI, Gustavo Benavente y Crist\u00f3bal Mart\u00ednez, advirtieron que la nueva Constituci\u00f3n, tal como qued\u00f3 redactada, \u201cagravar\u00e1 la actual situaci\u00f3n econ\u00f3mica que est\u00e1n sufriendo los chilenos\u201d, argumentando que el borrador aprobado no entrega ninguna certeza jur\u00eddica para atraer a inversionistas extranjeros, ni tampoco para que las empresas que hoy ya operan puedan reinvertir en el pa\u00eds.<\/p>\n\n\n\n<p>Por lo mismo, y ante el alza en la inflaci\u00f3n y el aumento en el costo de la vida, principalmente en los servicios y los productos de la canasta b\u00e1sica de alimentos, los parlamentarios gremialistas hicieron un llamado a la ciudadan\u00eda a informarse respecto a los impactos econ\u00f3micos que provocar\u00eda el nuevo texto constitucional, en caso de que se apruebe en el plebiscito del pr\u00f3ximo 4 de septiembre.<\/p>\n\n\n\n<p>\u201cYa hay un importante grupo de inversionistas chilenos que est\u00e1n sacando sus ahorros y envi\u00e1ndolos al extranjero, evidentemente porque el texto constitucional que se ofrecer\u00e1 al pa\u00eds erosiona de manera extrema una serie de principios, como el derecho a la propiedad. Y peor a\u00fan, los constituyentes siguen ahuyentando al mundo empresarial al amenazar con expropiar las actuales y futuras inversiones en nuestro pa\u00eds\u201d, alertaron los diputados UDI, quienes tambi\u00e9n advirtieron que el texto \u201cno logra compatibilizar el medio ambiente con el emprendimiento sustentable\u201d.<\/p>\n\n\n\n<p>Pero adem\u00e1s, Benavente y Mart\u00ednez tambi\u00e9n recordaron que la propuesta constitucional crea una serie de servicios y organismos p\u00fablicos, lo que provocar\u00e1 \u201cque el Estado, con los impuestos de todos los chilenos, tenga que financiar estas reparticiones p\u00fablicas para que sean capturadas por los mismos operadores pol\u00edticos de turno, todo ello con los recursos de las personas\u201d, recordando incluso que se tendr\u00edan que crear alrededor de 100 altos cargos nuevos, lo que implicar\u00eda un desembolso para el pa\u00eds de $9 mil millones en remuneraciones mensuales.<\/p>\n\n\n\n<p>Por tal raz\u00f3n, los parlamentarios gremialistas reiteraron que \u201cno existe ninguna posibilidad de que la propuesta que elabor\u00f3 la Convenci\u00f3n Constitucional y las pol\u00edticas econ\u00f3micas que ha adoptado el Gobierno logren mejorar la situaci\u00f3n econ\u00f3mica de los chilenos en los pr\u00f3ximos a\u00f1os\u201d, agregando que \u201cmuy por el contrario, este nuevo texto provocar\u00e1 empobrecimiento y la falta de oportunidades laborales y salariales para el grueso de la poblaci\u00f3n de nuestro pa\u00eds\u201d.<\/p>\n","protected":false},"excerpt":{"rendered":"<p>Gustavo Benavente y Crist\u00f3bal Mart\u00ednez aseguraron que la vulneraci\u00f3n de principios como el derecho a la propiedad y la amenaza constante a las expropiaciones \u201cno otorgan ninguna certeza jur\u00eddica para los inversionistas extranjeros ni para los nacionales\u201d. <\/p>\n","protected":false},"author":1,"featured_media":6537,"comment_status":"closed","ping_status":"closed","sticky":false,"template":"","format":"standard","meta":{"footnotes":""},"categories":[6],"tags":[],"class_list":["post-6536","post","type-post","status-publish","format-standard","has-post-thumbnail","hentry","category-politica"],"_links":{"self":[{"href":"https:\/\/www.semanariolocal.cl\/index.php?rest_route=\/wp\/v2\/posts\/6536","targetHints":{"allow":["GET"]}}],"collection":[{"href":"https:\/\/www.semanariolocal.cl\/index.php?rest_route=\/wp\/v2\/posts"}],"about":[{"href":"https:\/\/www.semanariolocal.cl\/index.php?rest_route=\/wp\/v2\/types\/post"}],"author":[{"embeddable":true,"href":"https:\/\/www.semanariolocal.cl\/index.php?rest_route=\/wp\/v2\/users\/1"}],"replies":[{"embeddable":true,"href":"https:\/\/www.semanariolocal.cl\/index.php?rest_route=%2Fwp%2Fv2%2Fcomments&post=6536"}],"version-history":[{"count":1,"href":"https:\/\/www.semanariolocal.cl\/index.php?rest_route=\/wp\/v2\/posts\/6536\/revisions"}],"predecessor-version":[{"id":6538,"href":"https:\/\/www.semanariolocal.cl\/index.php?rest_route=\/wp\/v2\/posts\/6536\/revisions\/6538"}],"wp:featuredmedia":[{"embeddable":true,"href":"https:\/\/www.semanariolocal.cl\/index.php?rest_route=\/wp\/v2\/media\/6537"}],"wp:attachment":[{"href":"https:\/\/www.semanariolocal.cl\/index.php?rest_route=%2Fwp%2Fv2%2Fmedia&parent=6536"}],"wp:term":[{"taxonomy":"category","embeddable":true,"href":"https:\/\/www.semanariolocal.cl\/index.php?rest_route=%2Fwp%2Fv2%2Fcategories&post=6536"},{"taxonomy":"post_tag","embeddable":true,"href":"https:\/\/www.semanariolocal.cl\/index.php?rest_route=%2Fwp%2Fv2%2Ftags&post=6536"}],"curies":[{"name":"wp","href":"https:\/\/api.w.org\/{rel}","templated":true}]}}