{"id":6533,"date":"2022-06-12T07:00:00","date_gmt":"2022-06-12T11:00:00","guid":{"rendered":"https:\/\/www.semanariolocal.cl\/?p=6533"},"modified":"2022-06-11T21:45:47","modified_gmt":"2022-06-12T01:45:47","slug":"investigadores-ulagos-participan-en-inedito-experimento-mundial-publicado-en-revista-science","status":"publish","type":"post","link":"https:\/\/www.semanariolocal.cl\/?p=6533","title":{"rendered":"Investigadores ULagos participan en in\u00e9dito experimento mundial publicado en revista Science."},"content":{"rendered":"\n<p>Un experimento in\u00e9dito que involucra el trabajo de 57 investigadores de diferentes universidades del mundo, dise\u00f1ado para aplicar la misma metodolog\u00eda desde Alaska (Estados Unidos) hasta Punta Arenas (Chile), y desde Newfoundland (Canad\u00e1) hasta Ushuaia (Argentina), es el trabajo que hoy se dio a conocer a trav\u00e9s de la prestigiosa revista cient\u00edfica Science.<\/p>\n\n\n\n<p>Y es precisamente en este trabajo cuyo objetivo fue examinar el gradiente latitudinal, los efectos de la depredaci\u00f3n sobre el desarrollo de comunidades incrustantes, de todas las especies que crecen en los roquer\u00edos, donde participaron los investigadores del centro i-mar de la Universidad de Los Lagos,&nbsp;<strong>Sandra Pereda y Alejandro Buschmann.<\/strong><\/p>\n\n\n\n<p>El experimento fue conocido por el equipo de trabajo como&nbsp;<strong>PanAmEx: Pan American Experimental Initiative in Marine Macroecology&nbsp;<\/strong>que abarc\u00f3 una escala nunca antes vista: el continente americano incluyendo la costa Atl\u00e1ntica y Pac\u00edfica a lo largo del norte, centro y Sudam\u00e9rica.<\/p>\n\n\n\n<p>\u201c<em>Es un estudio de ecolog\u00eda b\u00e1sica donde nos hacemos preguntas como, por ejemplo, si podemos encontrar patrones sobre procesos ecol\u00f3gicos relevantes, procesos como depredaci\u00f3n, competencia por espacio entre los organismos, reclutamiento, c\u00f3mo llegan las larvas, cu\u00e1ndo llegan y se instalan. Aqu\u00ed hubo todo un protocolo que fue exactamente igual, incluso materiales que se repartieron desde Estados Unidos para todos exactamente igual. Nosotros con la ayuda de Oxxean tuvimos el experimento instalado en su marina, hicimos las mediciones durante 2019, analizamos datos durante casi 2 a\u00f1os y ahora ya fue aceptado en Science para que sea publicado<\/em>\u201d, coment\u00f3 el profesor Buschmann.<\/p>\n\n\n\n<p>El centro i-mar instal\u00f3 toda una unidad experimental en la marina de Oxxean, desde donde los investigadores ULagos pudieron recoger todos los datos en 12 muestreos que se hicieron durante 3 meses, y donde colaboraron&nbsp;Luis Vallejos, Karina Villegas y Robinson Altamirano.<\/p>\n\n\n\n<p><strong>\u00bfSi bien la metodolog\u00eda de trabajo fue la misma para todos, los resultados en cada uno de estos sitios que fueron intervenidos son distintos unos de otros?<\/strong><\/p>\n\n\n\n<p><em>\u201cSon distintos. Estad\u00edsticamente, por ejemplo, el proceso de depredaci\u00f3n es mucho m\u00e1s potente cerca de los tr\u00f3picos y \u00e1reas subtropicales que cuando nos vamos a aguas m\u00e1s fr\u00edas. La fuerza que tiene este resultado es que est\u00e1 probado en todo el gradiente latitudinal del Pac\u00edfico y Atl\u00e1ntico, lo cual le da una gran potencia metodol\u00f3gica\u201d, expresa el Dr. Buschmann.<\/em><\/p>\n\n\n\n<p>Este experimento fue dise\u00f1ado para aplicar la misma metodolog\u00eda en cada uno de los 36 sitios seleccionados a lo largo de ambas costas del continente, cubriendo la temporada de verano (3 meses) en ambos hemisferios.<\/p>\n\n\n\n<p>\u201c<em>Para poder estandarizar las variables ambientales (h\u00e1bitat, exposici\u00f3n y salinidad) se decidi\u00f3 que los experimentos se realizaran en una marina con muelles flotantes que estuvieran protegidos del oleaje, con restringida interacci\u00f3n humana. El experimento midi\u00f3 3 componentes de la depredaci\u00f3n: 1) consumo de una presa est\u00e1ndar para medir la intensidad de la depredaci\u00f3n, 2) el desarrollo y composici\u00f3n de la comunidad bent\u00f3nica, su diversidad y biomasa, protegidos de depredadores, y 3) el efecto de episodios puntuales de depredadores accediendo a las comunidades bent\u00f3nicas<\/em>\u201d, seg\u00fan lo explica Sandra Pereda, investigadora del centro i-mar de la ULagos que particip\u00f3 de este experimento.<\/p>\n\n\n\n<p>Las instituciones mandantes de este experimento fueron&nbsp;<strong>Smithsonian Institution y la&nbsp;<\/strong><strong>Temple University<\/strong>&nbsp;(Estados Unidos) que logr\u00f3 coordinar log\u00edsticamente un trabajo impecable con la participaci\u00f3n de cada uno de los investigadores en sus respectivos territorios.&nbsp;En Chile, estos investigadores pertenecen a las siguientes instituciones:&nbsp;Departamento de Ecolog\u00eda y el&nbsp;CIBAS de&nbsp;la Universidad Cat\u00f3lica de la Sant\u00edsima Concepci\u00f3n, El Centro FONDAP \u2013 IDEAL, el Instituto de Ciencias Marinas y Limnol\u00f3gicas, Facultad de Ciencias, Universidad Austral de Chile, el N\u00facleo Millenium ESMOI, la Facultad de Ciencias del Mar, Universidad Cat\u00f3lica del Norte y la Estaci\u00f3n Costera de Investigaciones Marinas de la Pontificia Universidad Cat\u00f3lica de Chile.<\/p>\n\n\n\n<p>CONCLUSIONES<\/p>\n\n\n\n<p>Los resultados de este incre\u00edble esfuerzo colaborativo se ven plasmados en una publicaci\u00f3n integrada por 57 autores, que est\u00e1 disponible en el sitio web de una las revistas cient\u00edficas m\u00e1s prestigiosas, la revista Science (<a href=\"https:\/\/www.science.org\/journal\/science\" target=\"_blank\" rel=\"noreferrer noopener\">https:\/\/www.science.org\/journal\/science<\/a>).<\/p>\n\n\n\n<p>Seg\u00fan los investigadores ULagos, este trabajo representa, por primera vez, una contundente evidencia experimental de que el control por depredaci\u00f3n de la estructura comunitaria aumenta con la temperatura del mar, siendo mayor en los tr\u00f3picos, apoyando as\u00ed uno de los principios m\u00e1s relevantes en ecolog\u00eda y biolog\u00eda evolutiva: La intensidad en la depredaci\u00f3n y sus efectos en las comunidades marinas de fondos duros, aumenta desde latitudes subpolares hacia aguas tropicales.<\/p>\n\n\n\n<p>La investigadora Sandra Pereda sostiene que, ante un escenario de cambio clim\u00e1tico, estos resultados implican que en los ecosistemas costeros se pueden producir cambios en la distribuci\u00f3n de las especies por un aumento de la presi\u00f3n de depredaci\u00f3n hacia los polos.<\/p>\n\n\n\n<p>El trabajo describe como punto de inflexi\u00f3n los 20\u00b0C, por lo que, de continuar el aumento de la temperatura en los oc\u00e9anos, podr\u00edamos ver cambios en la presi\u00f3n de los depredadores en altas latitudes.<\/p>\n","protected":false},"excerpt":{"rendered":"<p>Tanto la investigadora Sandra Pereda como Alejandro Buschmann del Centro i-mar destacan el alto nivel del trabajo ejecutado, que llevaron a cabo en total 57 investigadores del planeta.<\/p>\n","protected":false},"author":1,"featured_media":6534,"comment_status":"closed","ping_status":"closed","sticky":false,"template":"","format":"standard","meta":{"footnotes":""},"categories":[3,10,11],"tags":[],"class_list":["post-6533","post","type-post","status-publish","format-standard","has-post-thumbnail","hentry","category-al-dia","category-cultura","category-educacion"],"_links":{"self":[{"href":"https:\/\/www.semanariolocal.cl\/index.php?rest_route=\/wp\/v2\/posts\/6533","targetHints":{"allow":["GET"]}}],"collection":[{"href":"https:\/\/www.semanariolocal.cl\/index.php?rest_route=\/wp\/v2\/posts"}],"about":[{"href":"https:\/\/www.semanariolocal.cl\/index.php?rest_route=\/wp\/v2\/types\/post"}],"author":[{"embeddable":true,"href":"https:\/\/www.semanariolocal.cl\/index.php?rest_route=\/wp\/v2\/users\/1"}],"replies":[{"embeddable":true,"href":"https:\/\/www.semanariolocal.cl\/index.php?rest_route=%2Fwp%2Fv2%2Fcomments&post=6533"}],"version-history":[{"count":1,"href":"https:\/\/www.semanariolocal.cl\/index.php?rest_route=\/wp\/v2\/posts\/6533\/revisions"}],"predecessor-version":[{"id":6535,"href":"https:\/\/www.semanariolocal.cl\/index.php?rest_route=\/wp\/v2\/posts\/6533\/revisions\/6535"}],"wp:featuredmedia":[{"embeddable":true,"href":"https:\/\/www.semanariolocal.cl\/index.php?rest_route=\/wp\/v2\/media\/6534"}],"wp:attachment":[{"href":"https:\/\/www.semanariolocal.cl\/index.php?rest_route=%2Fwp%2Fv2%2Fmedia&parent=6533"}],"wp:term":[{"taxonomy":"category","embeddable":true,"href":"https:\/\/www.semanariolocal.cl\/index.php?rest_route=%2Fwp%2Fv2%2Fcategories&post=6533"},{"taxonomy":"post_tag","embeddable":true,"href":"https:\/\/www.semanariolocal.cl\/index.php?rest_route=%2Fwp%2Fv2%2Ftags&post=6533"}],"curies":[{"name":"wp","href":"https:\/\/api.w.org\/{rel}","templated":true}]}}