{"id":6529,"date":"2022-06-11T10:30:00","date_gmt":"2022-06-11T14:30:00","guid":{"rendered":"https:\/\/www.semanariolocal.cl\/?p=6529"},"modified":"2022-06-11T21:19:57","modified_gmt":"2022-06-12T01:19:57","slug":"estudiantes-de-santo-tomas-osorno-participaron-en-escuela-de-lideres-de-zona-sur","status":"publish","type":"post","link":"https:\/\/www.semanariolocal.cl\/?p=6529","title":{"rendered":"Estudiantes de Santo Tom\u00e1s Osorno participaron en Escuela de L\u00edderes de Zona Sur"},"content":{"rendered":"\n<p>En dos jornadas y con variadas actividades en la localidad de Punta Larga, Frutillar, se llev\u00f3 a cabo el encuentro de la Escuela de L\u00edderes que organiza la Direcci\u00f3n de Asuntos Estudiantiles (DAE) de Santo Tom\u00e1s, instancia que en esta ocasi\u00f3n reuni\u00f3 a tomasinos y tomasinas de las sedes de Puerto Montt, Punta Arenas y Osorno.<\/p>\n\n\n\n<p>Este tradicional evento tiene como prop\u00f3sito entregar herramientas a las y los estudiantes, las cuales est\u00e1n orientadas a reforzar y profundizar en la dimensi\u00f3n personal y racional del liderazgo, y a su vez, permitan ampliar sus competencias de relacionamiento, impacto e influencia, y desarrollar la capacidad de impulsar el liderazgo de otros en la comunidad educativa de Santo Tom\u00e1s.<\/p>\n\n\n\n<p>Al respecto, se refiri\u00f3 el Rector de las Instituciones Santo Tom\u00e1s Osorno, Eugenio Larra\u00edn, quien manifest\u00f3 que \u201cnuestro deber es formar personas l\u00edderes para su desarrollo personal, familiar, pero tambi\u00e9n para que cuando se integren como profesionales en la sociedad puedan ser un aporte valioso a ella. Por otra parte, estamos totalmente contentos de recibir a las delegaciones de otras sedes para que trabajen en este primer encuentro de forma presencial luego de dos a\u00f1os, lo que va a permitir que los estudiantes se puedan conocer, conversar, trabajar en conjunto, intercambiar opiniones y formar redes para que en el futuro puedan ayudarse mutuamente\u201d, sostuvo.<\/p>\n\n\n\n<p>Por su parte, la Directora de Asuntos Estudiantiles, Paula Arias, manifest\u00f3 que \u201ccomo casa de estudios nuestro prop\u00f3sito no s\u00f3lo es entregar formaci\u00f3n acad\u00e9mica a los estudiantes, sino tambi\u00e9n acompa\u00f1arlos en su proceso de desarrollo de habilidades y competencias personales para enfrentar y desenvolverse en el mundo laboral. En este sentido la Escuela de L\u00edderes juega un rol importante en este proceso, generando un espacio de autoconocimiento y apertura al aprendizaje del mejoramiento personal para potenciar las habilidades de liderazgo y relacionamiento con el entorno\u201d. &nbsp;&nbsp;<\/p>\n\n\n\n<p>La Directora agreg\u00f3 \u201ca trav\u00e9s de un programa de actividades las y los estudiantes reconocieron sus fortalezas y debilidades, llev\u00e1ndose tareas personales para continuar mejorando su autogesti\u00f3n y liderazgo, aspectos esenciales para su vida personal, social y laboral. Por otra parte, este espacio permiti\u00f3 volver a la presencialidad, algo que hoy valoran los j\u00f3venes despu\u00e9s de realizar por dos a\u00f1os consecutivos el encuentro de la Escuela de L\u00edderes en modalidad virtual\u201d.<\/p>\n\n\n\n<p>Por su parte, Anais Ortega, alumna de segundo a\u00f1o de Terapia Ocupacional UST Osorno valor\u00f3 la instancia que les permiti\u00f3 reforzar sus habilidades. \u201cSiempre en mi vida estudiantil me he preocupado de esta formaci\u00f3n complementaria, desde el colegio he participado de otras escuelas en Osorno y fuera de la comuna. Lo importante es formar redes dentro de la Universidad ahora, ya que despu\u00e9s en la vida laboral uno no sabe hacia d\u00f3nde va el destino, entonces es bueno siempre tener contactos, hacer lobby con muchas otras personas, as\u00ed poder avanzar, brillar y liderar mucho mejor\u201d, puntualiz\u00f3.<\/p>\n\n\n\n<p>Describir las fortalezas y debilidades relacionadas a las capacidades y habilidades de liderazgo, a partir de proceso de autorreflexi\u00f3n; analizar las oportunidades de mejora que permita la gesti\u00f3n emocional, seg\u00fan las condiciones del contexto; identificar la dimensi\u00f3n relacional de liderazgo, como elemento relevante del proceso de influencia, seg\u00fan las condiciones del contexto; y desplegar habilidades conversacionales para resolver de manera colectiva los problemas que enfrenta el equipo, en funci\u00f3n de los objetivos planteados, seg\u00fan las condiciones del contexto son parte de los lineamientos que trabajaron las y los estudiantes en este encuentro de Escuela de L\u00edderes.<\/p>\n","protected":false},"excerpt":{"rendered":"<p>\u2022\tEn la localidad de Frutillar se desarroll\u00f3 el encuentro de la Escuela de L\u00edderes que reuni\u00f3 a estudiantes de Santo Tom\u00e1s de las sedes de Puerto Montt, Punta Arenas y Osorno.<\/p>\n","protected":false},"author":1,"featured_media":6530,"comment_status":"closed","ping_status":"closed","sticky":false,"template":"","format":"standard","meta":{"footnotes":""},"categories":[3,11],"tags":[],"class_list":["post-6529","post","type-post","status-publish","format-standard","has-post-thumbnail","hentry","category-al-dia","category-educacion"],"_links":{"self":[{"href":"https:\/\/www.semanariolocal.cl\/index.php?rest_route=\/wp\/v2\/posts\/6529","targetHints":{"allow":["GET"]}}],"collection":[{"href":"https:\/\/www.semanariolocal.cl\/index.php?rest_route=\/wp\/v2\/posts"}],"about":[{"href":"https:\/\/www.semanariolocal.cl\/index.php?rest_route=\/wp\/v2\/types\/post"}],"author":[{"embeddable":true,"href":"https:\/\/www.semanariolocal.cl\/index.php?rest_route=\/wp\/v2\/users\/1"}],"replies":[{"embeddable":true,"href":"https:\/\/www.semanariolocal.cl\/index.php?rest_route=%2Fwp%2Fv2%2Fcomments&post=6529"}],"version-history":[{"count":1,"href":"https:\/\/www.semanariolocal.cl\/index.php?rest_route=\/wp\/v2\/posts\/6529\/revisions"}],"predecessor-version":[{"id":6531,"href":"https:\/\/www.semanariolocal.cl\/index.php?rest_route=\/wp\/v2\/posts\/6529\/revisions\/6531"}],"wp:featuredmedia":[{"embeddable":true,"href":"https:\/\/www.semanariolocal.cl\/index.php?rest_route=\/wp\/v2\/media\/6530"}],"wp:attachment":[{"href":"https:\/\/www.semanariolocal.cl\/index.php?rest_route=%2Fwp%2Fv2%2Fmedia&parent=6529"}],"wp:term":[{"taxonomy":"category","embeddable":true,"href":"https:\/\/www.semanariolocal.cl\/index.php?rest_route=%2Fwp%2Fv2%2Fcategories&post=6529"},{"taxonomy":"post_tag","embeddable":true,"href":"https:\/\/www.semanariolocal.cl\/index.php?rest_route=%2Fwp%2Fv2%2Ftags&post=6529"}],"curies":[{"name":"wp","href":"https:\/\/api.w.org\/{rel}","templated":true}]}}