{"id":6526,"date":"2022-06-11T10:35:00","date_gmt":"2022-06-11T14:35:00","guid":{"rendered":"https:\/\/www.semanariolocal.cl\/?p=6526"},"modified":"2022-06-11T21:17:05","modified_gmt":"2022-06-12T01:17:05","slug":"alexis-casanova-es-el-nuevo-presidente-del-capitulo-provincial-osorno-del-core-los-lagos","status":"publish","type":"post","link":"https:\/\/www.semanariolocal.cl\/?p=6526","title":{"rendered":"Alexis Casanova es el nuevo presidente del cap\u00edtulo  provincial Osorno del CORE  Los Lagos"},"content":{"rendered":"\n<p>En reciente reuni\u00f3n de la comisi\u00f3n provincial de Osorno del Core Los Lagos, que est\u00e1 integrada por los\/as consejeros\/as Mar\u00eda Ang\u00e9lica Barraza, Andrea Iturriaga, Jos\u00e9 Luis Mu\u00f1oz, Francisco Paredes, Francisco Reyes y Alexis Casanova se eligi\u00f3 al nuevo presidente de esta comisi\u00f3n.<\/p>\n\n\n\n<p>De forma un\u00e1nime el bi\u00f3logo,&nbsp;Master en Educaci\u00f3n, Egresado de Magister en Direcci\u00f3n Estrat\u00e9gica en Salud Universidad San Sebasti\u00e1n, Alexis Casanova C\u00e1rdenas, fue electo como presidente de esta comisi\u00f3n, el que ser\u00e1 su tercer periodo. Actualmente es presidente de la comisi\u00f3n de salud del Core Los Lagos.<\/p>\n\n\n\n<p>\u00a8Con fuerza apoyar\u00e9 el avance de proyectos que est\u00e1n en el convenio de programaci\u00f3n de salud, donde hay comprometido recursos para los hospitales de Puerto Octay, R\u00edo Negro, ampliaci\u00f3n de algunos Cesfam como el de Puyehue, de postas de salud, por ellos nos reuniremos con los alcaldes. Tambi\u00e9n la necesidad de un Centro de Alta resoluci\u00f3n para Rahue, una comuna que tiene m\u00e1s de 62 mil habitantes, por ello es importante el trabajo que desarrollemos como Gobierno Regional\u00a8. Dijo la autoridad regional.Por ello, ratifica su compromiso de seguir trabajando con los alcaldes de las comunas que conforman la provincia de Osorno, San Juan de La Costa, R\u00edo Negro, San Pablo, Puerto Octay, Puyehue y Purranque, para que proyectos de electrificaci\u00f3n, agua potable rural, conectividad, salud, entre otros, puedan materializarse y son parte&nbsp; de los ejes de trabajo del Gobierno&nbsp;Regional de Los Lagos.<\/p>\n","protected":false},"excerpt":{"rendered":"<p>En reciente reuni\u00f3n de la comisi\u00f3n provincial de Osorno del Core Los Lagos, que est\u00e1 integrada por los\/as consejeros\/as Mar\u00eda Ang\u00e9lica Barraza, Andrea Iturriaga, Jos\u00e9 Luis Mu\u00f1oz, Francisco Paredes, Francisco Reyes y Alexis Casanova se eligi\u00f3 al nuevo presidente de esta comisi\u00f3n. De forma un\u00e1nime el bi\u00f3logo,&nbsp;Master en Educaci\u00f3n, Egresado de Magister en Direcci\u00f3n Estrat\u00e9gica&#8230;<a class=\"btnReadMore\" href=\"https:\/\/www.semanariolocal.cl\/?p=6526\"> Leer M\u00e1s<\/a><\/p>\n","protected":false},"author":1,"featured_media":6527,"comment_status":"closed","ping_status":"closed","sticky":false,"template":"","format":"standard","meta":{"footnotes":""},"categories":[3,8,6],"tags":[],"class_list":["post-6526","post","type-post","status-publish","format-standard","has-post-thumbnail","hentry","category-al-dia","category-comunas","category-politica"],"_links":{"self":[{"href":"https:\/\/www.semanariolocal.cl\/index.php?rest_route=\/wp\/v2\/posts\/6526","targetHints":{"allow":["GET"]}}],"collection":[{"href":"https:\/\/www.semanariolocal.cl\/index.php?rest_route=\/wp\/v2\/posts"}],"about":[{"href":"https:\/\/www.semanariolocal.cl\/index.php?rest_route=\/wp\/v2\/types\/post"}],"author":[{"embeddable":true,"href":"https:\/\/www.semanariolocal.cl\/index.php?rest_route=\/wp\/v2\/users\/1"}],"replies":[{"embeddable":true,"href":"https:\/\/www.semanariolocal.cl\/index.php?rest_route=%2Fwp%2Fv2%2Fcomments&post=6526"}],"version-history":[{"count":1,"href":"https:\/\/www.semanariolocal.cl\/index.php?rest_route=\/wp\/v2\/posts\/6526\/revisions"}],"predecessor-version":[{"id":6528,"href":"https:\/\/www.semanariolocal.cl\/index.php?rest_route=\/wp\/v2\/posts\/6526\/revisions\/6528"}],"wp:featuredmedia":[{"embeddable":true,"href":"https:\/\/www.semanariolocal.cl\/index.php?rest_route=\/wp\/v2\/media\/6527"}],"wp:attachment":[{"href":"https:\/\/www.semanariolocal.cl\/index.php?rest_route=%2Fwp%2Fv2%2Fmedia&parent=6526"}],"wp:term":[{"taxonomy":"category","embeddable":true,"href":"https:\/\/www.semanariolocal.cl\/index.php?rest_route=%2Fwp%2Fv2%2Fcategories&post=6526"},{"taxonomy":"post_tag","embeddable":true,"href":"https:\/\/www.semanariolocal.cl\/index.php?rest_route=%2Fwp%2Fv2%2Ftags&post=6526"}],"curies":[{"name":"wp","href":"https:\/\/api.w.org\/{rel}","templated":true}]}}