{"id":6522,"date":"2022-06-11T10:40:00","date_gmt":"2022-06-11T14:40:00","guid":{"rendered":"https:\/\/www.semanariolocal.cl\/?p=6522"},"modified":"2022-06-11T21:13:45","modified_gmt":"2022-06-12T01:13:45","slug":"castro-municipio-difunde-ley-de-plasticos-de-un-solo-uso%ef%bf%bc","status":"publish","type":"post","link":"https:\/\/www.semanariolocal.cl\/?p=6522","title":{"rendered":"Castro Municipio difunde ley de \u00abPl\u00e1sticos de un solo uso\u00bb"},"content":{"rendered":"\n<p>Es por todos conocido el actual problema que genera para el medio ambiente el excesivo uso del pl\u00e1stico y la dificultad para reciclarlo, es por ello, que en el marco de la entrada en vigencia de la nueva ley de pl\u00e1stico de un solo uso (ley 21.368), funcionarios de Castro Municipio salieron a la calle a informar sobre sus alcances y las acciones que podemos desarrollar localmente para fomentar la sustentabilidad.<\/p>\n\n\n\n<p>Por medio de volantes y un dialogo abierto, los funcionarios la Direcci\u00f3n de Gesti\u00f3n Econ\u00f3mica y Fiscalizaci\u00f3n, encabezados por su Director, Pablo Lemus y el asesor jur\u00eddico municipal, Juan Manuel Castro, visitaron c\u00e9ntricos locales comerciales para informar sobre dicha norma, vigente desde febrero de este a\u00f1o.<\/p>\n\n\n\n<p>Al respecto, Lemus valor\u00f3 la buena recepci\u00f3n de parte de los restaurantes visitados y resalt\u00f3 el compromiso de la actual administraci\u00f3n con la protecci\u00f3n del medio ambiente y con el fomento de las acciones sustentables.<\/p>\n\n\n\n<p>\u00abLa conciencia que ha tenido la municipalidad por parte del cuidado del medio ambiente ha sido notoria desde un principio y hoy d\u00eda es un paso m\u00e1s el que estamos dando al entregar esta informaci\u00f3n de marcha blanca. Hemos visto que hay locales que han implementado esto desde hace mucho y estamos muy contentos por eso\u00bb, se\u00f1al\u00f3.<\/p>\n\n\n\n<p>En tanto, abogado Juan Manuel Castro complement\u00f3 lo se\u00f1alado por el Director, destacando que la actividad de hoy \u00abes b\u00e1sicamente informar a los propietarios y due\u00f1os de los locales respecto de esta ley. El cuidado del medio ambiente es una preocupaci\u00f3n constante de nuestro alcalde Juan Eduardo Vera\u00bb, agregando que&nbsp; \u00abaparte de repartir folletos, vamos a agendar una actividad con todos los due\u00f1os de locales para explicar los alcances de esta ley y que se haga una retroalimentaci\u00f3n de las dudas que ellos tengan\u00bb.<\/p>\n\n\n\n<p>Francisco Silva, garz\u00f3n del restor\u00e1n La Br\u00fajula del Cuerpo, agradeci\u00f3 la presencia del municipio en los locales porque \u00abas\u00ed todos est\u00e1n claros de lo que es esta nueva ley y tambi\u00e9n para estar conscientes de lo que es el cuidado del medio ambiente, mediante dejar los productos pl\u00e1sticos, que son los que hacen da\u00f1o. Nosotros desde antes est\u00e1bamos adoptando medidas para cambiar los productos, cambiar las bolsas desde antes que se hiciera efectiva la ley. Empezamos a usar cucharitas de palos, los cubiertos, la helader\u00eda y los vasos de caf\u00e9 ya los est\u00e1bamos implementando en \u00e9poca de pandemia\u00bb, explic\u00f3.<\/p>\n\n\n\n<p><strong>ISLA QUEHUI<\/strong><\/p>\n\n\n\n<p>Siguiendo la misma l\u00ednea de concientizar sobre los pl\u00e1sticos se un solo uso, se realiz\u00f3 en la Escuela Rural Los \u00c1ngeles de Isla Quehui una actividad l\u00fadica para comprometer a los ni\u00f1os y ni\u00f1as en torno al cuidado del Medio Ambiente.<\/p>\n\n\n\n<p>Seg\u00fan explicaron los funcionarios de Fiscalizaci\u00f3n de Castro Municipio, los peque\u00f1os se mostraron entusiasmados y muy comprometidos con acciones concretas para preservar la naturaleza y generar proyectos sustentables en su escuelita, ejemplo de ello fue la realizaci\u00f3n de actividades durante el D\u00eda del Medio Ambiente.<\/p>\n","protected":false},"excerpt":{"rendered":"<p>Funcionarios de la Direcci\u00f3n de Gesti\u00f3n Econ\u00f3mica y  Fiscalizaci\u00f3n visitaron restoranes del centro de la ciudad y tambi\u00e9n llegaron hasta Isla Quehui para compartir esta informaci\u00f3n en la escuela local.<\/p>\n","protected":false},"author":1,"featured_media":6523,"comment_status":"closed","ping_status":"closed","sticky":false,"template":"","format":"standard","meta":{"footnotes":""},"categories":[3,8],"tags":[],"class_list":["post-6522","post","type-post","status-publish","format-standard","has-post-thumbnail","hentry","category-al-dia","category-comunas"],"_links":{"self":[{"href":"https:\/\/www.semanariolocal.cl\/index.php?rest_route=\/wp\/v2\/posts\/6522","targetHints":{"allow":["GET"]}}],"collection":[{"href":"https:\/\/www.semanariolocal.cl\/index.php?rest_route=\/wp\/v2\/posts"}],"about":[{"href":"https:\/\/www.semanariolocal.cl\/index.php?rest_route=\/wp\/v2\/types\/post"}],"author":[{"embeddable":true,"href":"https:\/\/www.semanariolocal.cl\/index.php?rest_route=\/wp\/v2\/users\/1"}],"replies":[{"embeddable":true,"href":"https:\/\/www.semanariolocal.cl\/index.php?rest_route=%2Fwp%2Fv2%2Fcomments&post=6522"}],"version-history":[{"count":2,"href":"https:\/\/www.semanariolocal.cl\/index.php?rest_route=\/wp\/v2\/posts\/6522\/revisions"}],"predecessor-version":[{"id":6525,"href":"https:\/\/www.semanariolocal.cl\/index.php?rest_route=\/wp\/v2\/posts\/6522\/revisions\/6525"}],"wp:featuredmedia":[{"embeddable":true,"href":"https:\/\/www.semanariolocal.cl\/index.php?rest_route=\/wp\/v2\/media\/6523"}],"wp:attachment":[{"href":"https:\/\/www.semanariolocal.cl\/index.php?rest_route=%2Fwp%2Fv2%2Fmedia&parent=6522"}],"wp:term":[{"taxonomy":"category","embeddable":true,"href":"https:\/\/www.semanariolocal.cl\/index.php?rest_route=%2Fwp%2Fv2%2Fcategories&post=6522"},{"taxonomy":"post_tag","embeddable":true,"href":"https:\/\/www.semanariolocal.cl\/index.php?rest_route=%2Fwp%2Fv2%2Ftags&post=6522"}],"curies":[{"name":"wp","href":"https:\/\/api.w.org\/{rel}","templated":true}]}}