{"id":6518,"date":"2022-06-11T10:50:00","date_gmt":"2022-06-11T14:50:00","guid":{"rendered":"https:\/\/www.semanariolocal.cl\/?p=6518"},"modified":"2022-06-11T21:09:12","modified_gmt":"2022-06-12T01:09:12","slug":"observatorio-laboral-entrega-resultados-sobre-expectativas-laborales-de-gremios-productivos","status":"publish","type":"post","link":"https:\/\/www.semanariolocal.cl\/?p=6518","title":{"rendered":"Observatorio Laboral entrega resultados sobre expectativas laborales de gremios productivos"},"content":{"rendered":"\n<p>La Encuesta Regional de Situaci\u00f3n y Expectativas Laborales (ERSEL) levanta informaci\u00f3n desde gremios de empresas para conocer la situaci\u00f3n de los sectores productivos relevantes para la regi\u00f3n. Surge en 2020 y se lleva a cabo durante los meses de marzo, junio, septiembre y diciembre de cada a\u00f1o.<\/p>\n\n\n\n<p>Esta \u00faltima medici\u00f3n realizada en marzo 2022 obtuvo informaci\u00f3n de 21 gremios de la Regi\u00f3n de Los Lagos de los sectores: Manufactura, Silvoagropecuario, Pesca, Comercio, Construcci\u00f3n, Turismo y Transporte.<\/p>\n\n\n\n<p><strong>El Observatorio Laboral de Sence<\/strong>&nbsp;entrega un informe detallado con los resultados, en el cual destacan -por ejemplo- que en marzo los gremios de la regi\u00f3n tienen una mejor expectativa econ\u00f3mica a 12 meses que en un horizonte a 6 y 2 meses desde hecha la medici\u00f3n. M\u00e1s concretamente, a 12 meses, el 62% de los gremios posee expectativas positivas.<\/p>\n\n\n\n<p>\u201c<em>En una comparativa entre marzo 2022 y 2021, las expectativas econ\u00f3micas de los gremios son m\u00e1s bajas especialmente a 2 y 6 meses. No obstante, observando las \u00faltimas cinco mediciones, es posible apreciar que las expectativas positivas de 2 y 6 meses tienen una evoluci\u00f3n favorable en el mes de junio y septiembre de 2021; sin embargo, luego muestra un descenso particularmente a partir del mes de diciembre, lo que tiene cierta relaci\u00f3n con la estacionalidad productiva de la Regi\u00f3n. En la \u00faltima medici\u00f3n (marzo 2022), las expectativas a 6 meses, es decir con un horizonte a septiembre de 2022, muestran que apenas un tercio de los gremios (33%) tiene expectativas positivas. Las proyecciones de los gremios a 12 meses, se observan menos vol\u00e1tiles durante el \u00faltimo a\u00f1o; aunque, existe una tendencia descendente entre los trimestres, pasando de 82% a 62% de los gremios con buenas expectativas econ\u00f3micas en un a\u00f1o\u201d,&nbsp;<\/em><strong>indica la directora del Observatorio Laboral, acad\u00e9mica Luz Ferrada.<\/strong><\/p>\n\n\n\n<p>PRINCIPALES PROBLEMAS<\/p>\n\n\n\n<p>Se observa que los dos problemas principales, se\u00f1alados por m\u00e1s del 80% de los gremios, son&nbsp;<strong>Escasez de fuerza de trabajo<\/strong>&nbsp;(86%) y&nbsp;<strong>Aumento en el precio de los insumos<\/strong>&nbsp;(81%). Ello da cuenta, por una parte, de la necesidad que tienen las empresas de contar con trabajadores\/as para normalizar sus labores productivas y comerciales, o eventualmente para poder expandir su actividad.<\/p>\n\n\n\n<p>A su vez, el problema del aumento en el precio de los insumos, indica que la inflaci\u00f3n no solo es una problem\u00e1tica importante para las familias, adem\u00e1s es posible que la escasez de fuerza de trabajo pueda tambi\u00e9n estar elevando los costos al alza.<\/p>\n\n\n\n<p>El precio de los insumos incide en los costos de producci\u00f3n, y aunque estos aumentos se pudieran transferir al precio final del producto o servicios, de igual manera afecta negativamente los m\u00e1rgenes de ganancias de las empresas, y como consecuencia tener efectos en la inflaci\u00f3n.<\/p>\n\n\n\n<p>DIFICULTAD M\u00c1S FRECUENTE<\/p>\n\n\n\n<p>La situaci\u00f3n laboral m\u00e1s frecuente a marzo de 2022 es&nbsp;<strong>Dificultad para encontrar fuerza laboral<\/strong>. El 86% de los gremios indican que es una situaci\u00f3n frecuente o muy frecuente en la regi\u00f3n. Este resultado viene present\u00e1ndose como el principal, desde la ERSEL de septiembre 2021. Esto da cuenta de la recuperaci\u00f3n de la actividad regional una vez que se han acabado las cuarentenas en la regi\u00f3n, pero da cuenta de la lenta reincorporaci\u00f3n al mercado del trabajo de personas que salieron del mismo producto de la crisis sanitaria.<\/p>\n\n\n\n<p>Una segunda situaci\u00f3n frecuente, es la contrataci\u00f3n de trabajadores (52% de los gremios lo se\u00f1ala), y aparece una tercera situaci\u00f3n frecuente, con un 43% el aumento de licencias m\u00e9dicas.<\/p>\n","protected":false},"excerpt":{"rendered":"<p>La Encuesta Regional de Situaci\u00f3n y Expectativas Laborales ERSEL, aplicada en la regi\u00f3n, destaca entre los problemas m\u00e1s frecuentes, la escasez en la fuerza de trabajo y el aumento en el precio de los insumos.<\/p>\n","protected":false},"author":1,"featured_media":6519,"comment_status":"closed","ping_status":"closed","sticky":false,"template":"","format":"standard","meta":{"footnotes":""},"categories":[3],"tags":[],"class_list":["post-6518","post","type-post","status-publish","format-standard","has-post-thumbnail","hentry","category-al-dia"],"_links":{"self":[{"href":"https:\/\/www.semanariolocal.cl\/index.php?rest_route=\/wp\/v2\/posts\/6518","targetHints":{"allow":["GET"]}}],"collection":[{"href":"https:\/\/www.semanariolocal.cl\/index.php?rest_route=\/wp\/v2\/posts"}],"about":[{"href":"https:\/\/www.semanariolocal.cl\/index.php?rest_route=\/wp\/v2\/types\/post"}],"author":[{"embeddable":true,"href":"https:\/\/www.semanariolocal.cl\/index.php?rest_route=\/wp\/v2\/users\/1"}],"replies":[{"embeddable":true,"href":"https:\/\/www.semanariolocal.cl\/index.php?rest_route=%2Fwp%2Fv2%2Fcomments&post=6518"}],"version-history":[{"count":1,"href":"https:\/\/www.semanariolocal.cl\/index.php?rest_route=\/wp\/v2\/posts\/6518\/revisions"}],"predecessor-version":[{"id":6520,"href":"https:\/\/www.semanariolocal.cl\/index.php?rest_route=\/wp\/v2\/posts\/6518\/revisions\/6520"}],"wp:featuredmedia":[{"embeddable":true,"href":"https:\/\/www.semanariolocal.cl\/index.php?rest_route=\/wp\/v2\/media\/6519"}],"wp:attachment":[{"href":"https:\/\/www.semanariolocal.cl\/index.php?rest_route=%2Fwp%2Fv2%2Fmedia&parent=6518"}],"wp:term":[{"taxonomy":"category","embeddable":true,"href":"https:\/\/www.semanariolocal.cl\/index.php?rest_route=%2Fwp%2Fv2%2Fcategories&post=6518"},{"taxonomy":"post_tag","embeddable":true,"href":"https:\/\/www.semanariolocal.cl\/index.php?rest_route=%2Fwp%2Fv2%2Ftags&post=6518"}],"curies":[{"name":"wp","href":"https:\/\/api.w.org\/{rel}","templated":true}]}}