{"id":6512,"date":"2022-06-11T11:50:00","date_gmt":"2022-06-11T15:50:00","guid":{"rendered":"https:\/\/www.semanariolocal.cl\/?p=6512"},"modified":"2022-06-11T20:59:35","modified_gmt":"2022-06-12T00:59:35","slug":"alcaldes-de-octay-y-osorno-mantienen-postura-comun-frente-al-retraso-del-puente-cancura","status":"publish","type":"post","link":"https:\/\/www.semanariolocal.cl\/?p=6512","title":{"rendered":"Alcaldes de  Octay y Osorno mantienen postura com\u00fan frente al retraso  del puente Cancura"},"content":{"rendered":"\n<p>El alcalde Gerardo Gunckel, y su par de Puerto Octay Emeterio Carrillo, junto a concejales y dirigentes de ambas comunas, se desplazaron hasta Cancura para manifestar su molestia ante el retraso del llamado a licitaci\u00f3n por parte del Ministerio de Obras P\u00fablicas (MOP) para construir el puente de esa localidad, que colaps\u00f3 en junio del 2018, y dej\u00f3 una persona fallecida. <a><\/a><\/p>\n\n\n\n<p>En la instancia, Gunckel mostr\u00f3 su preocupaci\u00f3n por el estado del puente de Cancura, y apunt\u00f3 al centralismo que existe Chile, se\u00f1alando que \u201cno es posible que despu\u00e9s de todos los discursos bonitos que hemos escuchado con la descentralizaci\u00f3n de nuestro pa\u00eds, nos encontremos en esta situaci\u00f3n. Creo que las decisiones importantes tambi\u00e9n deber\u00edan tomar en cuenta a la gente de sus territorios\u201d.<\/p>\n\n\n\n<p>Por su parte, el alcalde de Osorno, mostr\u00f3 su apoyo a Gunckel, y sostuvo que desde Vialidad hab\u00edan anunciado durante el mes de abril, que en mayo se iniciar\u00eda el proceso de licitaci\u00f3n, sin embargo, luego de unas semanas anunciaron su postergaci\u00f3n para el a\u00f1o 2023. \u201cNo se le puede estar creando ilusiones falsas a la gente, tienen que ponerse de acuerdo nuestras autoridades, basta de centralismo\u201d, manifest\u00f3.<\/p>\n\n\n\n<p><strong>PELIGROS PUENTE MECANO<\/strong><\/p>\n\n\n\n<p>En la visita al lugar, el concejal de Osorno, Juan Carlos Vel\u00e1squez que es familiar del joven que falleci\u00f3 cuando el viaducto colaps\u00f3 en el 2018, profundiz\u00f3 sobre las condiciones actuales del puente mecano. \u201cLa ruta que toma es demasiado peligrosa y resbalosa, y adem\u00e1s tiene poca se\u00f1al\u00e9tica, considero que hay que iluminarlo m\u00e1s\u201d, se\u00f1al\u00f3. &nbsp;<\/p>\n\n\n\n<p>En tanto, la presidenta de la Junta de Vecinos de Cancura, Nancy Igor, sostuvo que desde la comunidad constantemente se reciben reclamos por el ruido que genera el puente mecano, ya que constantemente transitan veh\u00edculos con carga pesada.<\/p>\n","protected":false},"excerpt":{"rendered":"<p>\u2022\tEl Ministerio de Obras P\u00fablicas comunic\u00f3 en abril de este a\u00f1o, que el proyecto contaba con RS, y que en mayo se realizar\u00eda el llamado a licitar su ejecuci\u00f3n. <\/p>\n","protected":false},"author":1,"featured_media":6513,"comment_status":"closed","ping_status":"closed","sticky":false,"template":"","format":"standard","meta":{"footnotes":""},"categories":[3,8],"tags":[],"class_list":["post-6512","post","type-post","status-publish","format-standard","has-post-thumbnail","hentry","category-al-dia","category-comunas"],"_links":{"self":[{"href":"https:\/\/www.semanariolocal.cl\/index.php?rest_route=\/wp\/v2\/posts\/6512","targetHints":{"allow":["GET"]}}],"collection":[{"href":"https:\/\/www.semanariolocal.cl\/index.php?rest_route=\/wp\/v2\/posts"}],"about":[{"href":"https:\/\/www.semanariolocal.cl\/index.php?rest_route=\/wp\/v2\/types\/post"}],"author":[{"embeddable":true,"href":"https:\/\/www.semanariolocal.cl\/index.php?rest_route=\/wp\/v2\/users\/1"}],"replies":[{"embeddable":true,"href":"https:\/\/www.semanariolocal.cl\/index.php?rest_route=%2Fwp%2Fv2%2Fcomments&post=6512"}],"version-history":[{"count":1,"href":"https:\/\/www.semanariolocal.cl\/index.php?rest_route=\/wp\/v2\/posts\/6512\/revisions"}],"predecessor-version":[{"id":6514,"href":"https:\/\/www.semanariolocal.cl\/index.php?rest_route=\/wp\/v2\/posts\/6512\/revisions\/6514"}],"wp:featuredmedia":[{"embeddable":true,"href":"https:\/\/www.semanariolocal.cl\/index.php?rest_route=\/wp\/v2\/media\/6513"}],"wp:attachment":[{"href":"https:\/\/www.semanariolocal.cl\/index.php?rest_route=%2Fwp%2Fv2%2Fmedia&parent=6512"}],"wp:term":[{"taxonomy":"category","embeddable":true,"href":"https:\/\/www.semanariolocal.cl\/index.php?rest_route=%2Fwp%2Fv2%2Fcategories&post=6512"},{"taxonomy":"post_tag","embeddable":true,"href":"https:\/\/www.semanariolocal.cl\/index.php?rest_route=%2Fwp%2Fv2%2Ftags&post=6512"}],"curies":[{"name":"wp","href":"https:\/\/api.w.org\/{rel}","templated":true}]}}