{"id":6481,"date":"2022-06-10T07:35:00","date_gmt":"2022-06-10T11:35:00","guid":{"rendered":"https:\/\/www.semanariolocal.cl\/?p=6481"},"modified":"2022-06-09T19:31:40","modified_gmt":"2022-06-09T23:31:40","slug":"hospital-puerto-montt-fortalece-camas-criticas-pediatricas","status":"publish","type":"post","link":"https:\/\/www.semanariolocal.cl\/?p=6481","title":{"rendered":"Hospital Puerto Montt fortalece camas cr\u00edticas pedi\u00e1tricas"},"content":{"rendered":"\n<p>La ampliaci\u00f3n del n\u00famero de camas cr\u00edticas y la implementaci\u00f3n de una estrategia de urgencia pedi\u00e1trica, son algunas de las medidas adoptadas por el Hospital Puerto Montt para enfrentar la contingencia respiratoria de invierno.<\/p>\n\n\n\n<p>En visita al establecimiento de alta complejidad, el subdirector (s) de Gesti\u00f3n Asistencial del Servicio de Salud Del Reloncav\u00ed, Dr. Marcos Balkenhol, dijo que \u201cestamos extraordinariamente preocupados, porque los cuadros respiratorios, especialmente en la poblaci\u00f3n pedi\u00e1trica, est\u00e1n aumentando sostenidamente. Esperamos en las pr\u00f3ximas dos semanas un aumento sustantivo de casos graves\u201d.<\/p>\n\n\n\n<p>El director (s) del Hospital, Dr. Jorge Cerda, explic\u00f3 que \u201chemos aumentado la oferta de camas de unidades de cuidados intensivos (UCI) e intermedios (UTI), 10 de UCI y 9 UTI, y hemos creado 6 cub\u00edculos de hospitalizaci\u00f3n abreviada en el Servicio de Urgencia, para poder enfrentar esta contingencia respiratoria de la mejor manera posible\u201d.<\/p>\n\n\n\n<p>Dr. Marcos Balkenhol hizo un llamado al buen uso de la red de urgencia sanitaria, especialmente a que las personas consulten oportunamente en centros de Salud Familiar (CESFAM), Servicios de Atenci\u00f3n Primaria de Urgencia (SAPU) y los Servicios de Atenci\u00f3n Primaria de Urgencia de Alta Resolutividad (SAR), \u201cpara que podamos tener una holgura de las camas m\u00e1s complejas, de tal manera, que todos los pacientes puedan tener una adecuada oportunidad y calidad de las prestaciones sanitarias\u201d.<\/p>\n","protected":false},"excerpt":{"rendered":"<p>La ampliaci\u00f3n del n\u00famero de camas cr\u00edticas y la implementaci\u00f3n de una estrategia de urgencia pedi\u00e1trica, son algunas de las medidas adoptadas por el Hospital Puerto Montt para enfrentar la contingencia respiratoria de invierno. En visita al establecimiento de alta complejidad, el subdirector (s) de Gesti\u00f3n Asistencial del Servicio de Salud Del Reloncav\u00ed, Dr. Marcos&#8230;<a class=\"btnReadMore\" href=\"https:\/\/www.semanariolocal.cl\/?p=6481\"> Leer M\u00e1s<\/a><\/p>\n","protected":false},"author":1,"featured_media":6482,"comment_status":"closed","ping_status":"closed","sticky":false,"template":"","format":"standard","meta":{"footnotes":""},"categories":[3],"tags":[],"class_list":["post-6481","post","type-post","status-publish","format-standard","has-post-thumbnail","hentry","category-al-dia"],"_links":{"self":[{"href":"https:\/\/www.semanariolocal.cl\/index.php?rest_route=\/wp\/v2\/posts\/6481","targetHints":{"allow":["GET"]}}],"collection":[{"href":"https:\/\/www.semanariolocal.cl\/index.php?rest_route=\/wp\/v2\/posts"}],"about":[{"href":"https:\/\/www.semanariolocal.cl\/index.php?rest_route=\/wp\/v2\/types\/post"}],"author":[{"embeddable":true,"href":"https:\/\/www.semanariolocal.cl\/index.php?rest_route=\/wp\/v2\/users\/1"}],"replies":[{"embeddable":true,"href":"https:\/\/www.semanariolocal.cl\/index.php?rest_route=%2Fwp%2Fv2%2Fcomments&post=6481"}],"version-history":[{"count":1,"href":"https:\/\/www.semanariolocal.cl\/index.php?rest_route=\/wp\/v2\/posts\/6481\/revisions"}],"predecessor-version":[{"id":6483,"href":"https:\/\/www.semanariolocal.cl\/index.php?rest_route=\/wp\/v2\/posts\/6481\/revisions\/6483"}],"wp:featuredmedia":[{"embeddable":true,"href":"https:\/\/www.semanariolocal.cl\/index.php?rest_route=\/wp\/v2\/media\/6482"}],"wp:attachment":[{"href":"https:\/\/www.semanariolocal.cl\/index.php?rest_route=%2Fwp%2Fv2%2Fmedia&parent=6481"}],"wp:term":[{"taxonomy":"category","embeddable":true,"href":"https:\/\/www.semanariolocal.cl\/index.php?rest_route=%2Fwp%2Fv2%2Fcategories&post=6481"},{"taxonomy":"post_tag","embeddable":true,"href":"https:\/\/www.semanariolocal.cl\/index.php?rest_route=%2Fwp%2Fv2%2Ftags&post=6481"}],"curies":[{"name":"wp","href":"https:\/\/api.w.org\/{rel}","templated":true}]}}