{"id":6478,"date":"2022-06-10T07:25:00","date_gmt":"2022-06-10T11:25:00","guid":{"rendered":"https:\/\/www.semanariolocal.cl\/?p=6478"},"modified":"2022-06-09T19:28:56","modified_gmt":"2022-06-09T23:28:56","slug":"se-inicio-juicio-oral-por-malversacion-de-caudales-publicos-en-hospital-de-la-union","status":"publish","type":"post","link":"https:\/\/www.semanariolocal.cl\/?p=6478","title":{"rendered":"Se inici\u00f3 juicio oral por malversaci\u00f3n de caudales p\u00fablicos en hospital de La Uni\u00f3n"},"content":{"rendered":"\n<p>El Tribunal de Juicio Oral en lo Penal de Valdivia inici\u00f3 hoy \u2013jueves 9 de junio\u2013 la audiencia de juicio oral en contra de Jos\u00e9 Mart\u00ednez Escalona y Andr\u00e9s Alejandro Carrasco Sol\u00eds, ex subdirector administrativo y ex jefe del subdepartamento de contabilidad del Hospital Dr. Juan Morey de La Uni\u00f3n, respectivamente, acusados por el Ministerio P\u00fablico como coautores del delito consumado de malversaci\u00f3n de caudales p\u00fablicos. Il\u00edcito que habr\u00eda perpetrado entre enero de 2012 y abril de 2019, en la comuna de La Uni\u00f3n.<\/p>\n\n\n\n<p>En la primera jornada del juicio (causa rol 407-2019), el tribunal \u2013integrado por los magistrados Carlos Flores Valenzuela (presidente), Alicia Fa\u00fandez Valenzuela y Mauricio Reuse Staub (redactor)\u2013 tras la lectura de la acusaci\u00f3n, dio paso a los alegatos de apertura en modalidad semipresencial de la fiscal\u00eda, de la querellante Consejo de Defensa del Estado y las defensas de Mart\u00ednez Escalona y Carrasco Sol\u00eds.<\/p>\n\n\n\n<p>Seg\u00fan la acusaci\u00f3n fiscal, en el periodo comprendido entre enero de 2012 y abril de 2019, los acusados Mart\u00ednez Escalona y Carrasco Sol\u00eds se desempe\u00f1aban como funcionaros p\u00fablicos del Servicio de Salud de Valdivia, en edificio del Hospital Base de La Uni\u00f3n Dr. Juan Morey, ubicado en calle Arturo Prat sin n\u00famero de la ciudad de La Uni\u00f3n. En espec\u00edfico, Mart\u00ednez Escalona ten\u00eda el cargo de subdirector administrativo de la Subdirecci\u00f3n de Recursos F\u00edsicos y Financieros o Subdirecci\u00f3n Administrativa del Hospital Base de La Uni\u00f3n; en tanto, Carrasco Sol\u00eds, ten\u00eda el cargo de jefe del Subdepartamento de Contabilidad del centro asistencial, calidades o funciones que implicaban que ambos acusados tuvieran a su cargo caudales o efectos p\u00fablicos.<\/p>\n\n\n\n<p>Durante dicho periodo, Mart\u00ednez Escalona, con el consentimiento y acuerdo de Carrasco Sol\u00eds, gir\u00f3 cheques a de la cuenta corriente del Hospital de La Uni\u00f3n, bajo la justificaci\u00f3n de realizar \u201cpagos centralizados\u201d de gastos, logrando de esta forma, ambos acusados, el cobro de los documentos bancarios, sustrayendo fondos o caudales p\u00fablicos por un monto total de $1.448.261.661.<\/p>\n\n\n\n<p>La audiencia continuar\u00e1 ma\u00f1ana y est\u00e1 programado que el juicio se extienda por ocho d\u00edas, periodo durante en el cual depondr\u00e1n tres peritos y 20 testigos.<\/p>\n","protected":false},"excerpt":{"rendered":"<p>El Tribunal de Juicio Oral en lo Penal de Valdivia inici\u00f3 hoy \u2013jueves 9 de junio\u2013 la audiencia de juicio oral en contra de Jos\u00e9 Mart\u00ednez Escalona y Andr\u00e9s Alejandro Carrasco Sol\u00eds, ex subdirector administrativo y ex jefe del subdepartamento de contabilidad del Hospital Dr. Juan Morey de La Uni\u00f3n, respectivamente, acusados por el Ministerio&#8230;<a class=\"btnReadMore\" href=\"https:\/\/www.semanariolocal.cl\/?p=6478\"> Leer M\u00e1s<\/a><\/p>\n","protected":false},"author":1,"featured_media":6479,"comment_status":"closed","ping_status":"closed","sticky":false,"template":"","format":"standard","meta":{"footnotes":""},"categories":[3],"tags":[],"class_list":["post-6478","post","type-post","status-publish","format-standard","has-post-thumbnail","hentry","category-al-dia"],"_links":{"self":[{"href":"https:\/\/www.semanariolocal.cl\/index.php?rest_route=\/wp\/v2\/posts\/6478","targetHints":{"allow":["GET"]}}],"collection":[{"href":"https:\/\/www.semanariolocal.cl\/index.php?rest_route=\/wp\/v2\/posts"}],"about":[{"href":"https:\/\/www.semanariolocal.cl\/index.php?rest_route=\/wp\/v2\/types\/post"}],"author":[{"embeddable":true,"href":"https:\/\/www.semanariolocal.cl\/index.php?rest_route=\/wp\/v2\/users\/1"}],"replies":[{"embeddable":true,"href":"https:\/\/www.semanariolocal.cl\/index.php?rest_route=%2Fwp%2Fv2%2Fcomments&post=6478"}],"version-history":[{"count":1,"href":"https:\/\/www.semanariolocal.cl\/index.php?rest_route=\/wp\/v2\/posts\/6478\/revisions"}],"predecessor-version":[{"id":6480,"href":"https:\/\/www.semanariolocal.cl\/index.php?rest_route=\/wp\/v2\/posts\/6478\/revisions\/6480"}],"wp:featuredmedia":[{"embeddable":true,"href":"https:\/\/www.semanariolocal.cl\/index.php?rest_route=\/wp\/v2\/media\/6479"}],"wp:attachment":[{"href":"https:\/\/www.semanariolocal.cl\/index.php?rest_route=%2Fwp%2Fv2%2Fmedia&parent=6478"}],"wp:term":[{"taxonomy":"category","embeddable":true,"href":"https:\/\/www.semanariolocal.cl\/index.php?rest_route=%2Fwp%2Fv2%2Fcategories&post=6478"},{"taxonomy":"post_tag","embeddable":true,"href":"https:\/\/www.semanariolocal.cl\/index.php?rest_route=%2Fwp%2Fv2%2Ftags&post=6478"}],"curies":[{"name":"wp","href":"https:\/\/api.w.org\/{rel}","templated":true}]}}