{"id":6475,"date":"2022-06-10T07:20:00","date_gmt":"2022-06-10T11:20:00","guid":{"rendered":"https:\/\/www.semanariolocal.cl\/?p=6475"},"modified":"2022-06-09T19:20:27","modified_gmt":"2022-06-09T23:20:27","slug":"egipto-proxima-estacion-de-la-kenshokan-en-evento-internacional","status":"publish","type":"post","link":"https:\/\/www.semanariolocal.cl\/?p=6475","title":{"rendered":"Egipto\u2026 pr\u00f3xima estaci\u00f3n de la Kenshokan en evento internacional"},"content":{"rendered":"\n<p>La poderosa naci\u00f3n africana del karate dar\u00e1 la bienvenida a cientos de deportistas de todo el orbe que participar\u00e1n en este evento de karate de primer nivel, la Serie A Karate 1 de la W.K.F., que se realizar\u00e1 en la ciudad de El Cairo, del 10-12 del presente mes, en dependencias del Cairo International Stadium.<\/p>\n\n\n\n<p>Gracias a los aportes de los fondos concursables del FNDR 6% para el Deporte de Alto Rendimiento, estos cuatro representantes del karate regional, disputar\u00e1n puntos en el Ranking Mundial de Karate, a fin de mejorar sus posiciones y defender lo conseguido en la Karate 1 Serie A de Pamplona\u2013Espa\u00f1a, que acaba de efectuarse el pasado mes de enero, y cuyas fechas futuras ser\u00e1n en el mes de septiembre en Kocaeli\u2013Turqu\u00eda, y en el mes de noviembre en Jakarta\u2013Indonesia.<\/p>\n\n\n\n<p>En esta oportunidad, \u201cadem\u00e1s de enfrentar a oponentes de gran nivel, deber\u00e1n superar las altas temperaturas, los cambios en la alimentaci\u00f3n, y el jet lag por la diferencia horaria; y se han preparado para ello\u201d, dijo Osvaldo Venegas, ex t\u00e9cnico nacional, con vasta experiencia internacional, quien dirigir\u00e1 a nuestros cr\u00e9ditos locales.<\/p>\n\n\n\n<p>Villal\u00f3n, G\u00f3mez y Ceballo se medir\u00e1n en kumite senior en sus respectivas categor\u00edas de peso, mientras que Pe\u00f1a lo har\u00e1 en la modalidad de kata senior, y debieron someterse a una intensa preparaci\u00f3n t\u00e9cnica, f\u00edsica y t\u00e1ctica tras el retorno a las competencias de alto nivel, que se vieron afectadas por pandemia covid-19.<\/p>\n\n\n\n<p>Los deportistas reiteraron los agradecimientos al Gobierno Regional de Los Lagos, por el aporte recibido a trav\u00e9s del FNDR para el deporte de alto rendimiento, al Mindep Los Lagos por el acompa\u00f1amiento en este proceso, y a las facilidades otorgadas por la Universidad San Sebasti\u00e1n sede Patagonia, &nbsp;y a la Universidad de Chile, para compatibilizar la educaci\u00f3n superior con el deporte de alto rendimiento.<\/p>\n\n\n\n<p>G\u00f3mez, Villal\u00f3n, Ceballo y Pe\u00f1a, esperan representar dignamente al pa\u00eds y dar orgullo a nuestra Regi\u00f3n de Los Lagos.<\/p>\n","protected":false},"excerpt":{"rendered":"<p>FRANCISCA G\u00d3MEZ (20), JOSE CEBALLO (19), ENRIQUE VILLAL\u00d3N (21), y CATALINA PE\u00d1A (22), competir\u00e1n la pr\u00f3xima semana en la \u201cSerie A El Cairo\u201d, auspiciado por la W.K.F. <\/p>\n","protected":false},"author":1,"featured_media":6476,"comment_status":"closed","ping_status":"closed","sticky":false,"template":"","format":"standard","meta":{"footnotes":""},"categories":[3],"tags":[],"class_list":["post-6475","post","type-post","status-publish","format-standard","has-post-thumbnail","hentry","category-al-dia"],"_links":{"self":[{"href":"https:\/\/www.semanariolocal.cl\/index.php?rest_route=\/wp\/v2\/posts\/6475","targetHints":{"allow":["GET"]}}],"collection":[{"href":"https:\/\/www.semanariolocal.cl\/index.php?rest_route=\/wp\/v2\/posts"}],"about":[{"href":"https:\/\/www.semanariolocal.cl\/index.php?rest_route=\/wp\/v2\/types\/post"}],"author":[{"embeddable":true,"href":"https:\/\/www.semanariolocal.cl\/index.php?rest_route=\/wp\/v2\/users\/1"}],"replies":[{"embeddable":true,"href":"https:\/\/www.semanariolocal.cl\/index.php?rest_route=%2Fwp%2Fv2%2Fcomments&post=6475"}],"version-history":[{"count":1,"href":"https:\/\/www.semanariolocal.cl\/index.php?rest_route=\/wp\/v2\/posts\/6475\/revisions"}],"predecessor-version":[{"id":6477,"href":"https:\/\/www.semanariolocal.cl\/index.php?rest_route=\/wp\/v2\/posts\/6475\/revisions\/6477"}],"wp:featuredmedia":[{"embeddable":true,"href":"https:\/\/www.semanariolocal.cl\/index.php?rest_route=\/wp\/v2\/media\/6476"}],"wp:attachment":[{"href":"https:\/\/www.semanariolocal.cl\/index.php?rest_route=%2Fwp%2Fv2%2Fmedia&parent=6475"}],"wp:term":[{"taxonomy":"category","embeddable":true,"href":"https:\/\/www.semanariolocal.cl\/index.php?rest_route=%2Fwp%2Fv2%2Fcategories&post=6475"},{"taxonomy":"post_tag","embeddable":true,"href":"https:\/\/www.semanariolocal.cl\/index.php?rest_route=%2Fwp%2Fv2%2Ftags&post=6475"}],"curies":[{"name":"wp","href":"https:\/\/api.w.org\/{rel}","templated":true}]}}