{"id":6472,"date":"2022-06-10T07:15:00","date_gmt":"2022-06-10T11:15:00","guid":{"rendered":"https:\/\/www.semanariolocal.cl\/?p=6472"},"modified":"2022-06-09T19:16:58","modified_gmt":"2022-06-09T23:16:58","slug":"analista-apunta-a-los-objetivos-economicos-del-presidente-boric-en-la-cumbre-de-las-americas","status":"publish","type":"post","link":"https:\/\/www.semanariolocal.cl\/?p=6472","title":{"rendered":"Analista apunta a los objetivos econ\u00f3micos del Presidente Boric en la Cumbre de las Am\u00e9ricas"},"content":{"rendered":"\n<p>Este mi\u00e9rcoles se inaugur\u00f3 la Cumbre de las Am\u00e9ricas, la que se celebra en la ciudad estadounidense de Los \u00c1ngeles y donde el Presidente Gabriel Boric ha tenido una importante participaci\u00f3n, principalmente en temas econ\u00f3micos.<\/p>\n\n\n\n<p>Punto que para Pablo Lacoste, analista internacional y acad\u00e9mico de la Usach, es uno de los principales objetivos del Mandatario en esta cumbre.<\/p>\n\n\n\n<p>\u201cEste viaje tiene un significado importante en alcanzar sus objetivos estrat\u00e9gicos para lograr reformas sociales. Sabe que para lograrlas, necesita que la econom\u00eda crezca, y para eso, es indispensable asegurar el acceso a los mercados internacionales y la inversi\u00f3n extranjera; y ese es el flanco que Boric est\u00e1 cuidando en este viaje, quiere construir la confianza y fortalecer la imagen de Chile por lo ocurrido estos \u00faltimos a\u00f1os\u201d, sostuvo.<\/p>\n\n\n\n<p>El analista y tambi\u00e9n historiador, adem\u00e1s, se refiri\u00f3 a otros desaf\u00edos que busca Boric en la Cumbre de las Am\u00e9ricas. \u201cQuiere establecer que es posible poner en marcha un proyecto de mayor cohesi\u00f3n e integraci\u00f3n social, que a la vez, sea respetuoso de los derechos humanos y de los principios republicanos de la divisi\u00f3n de poderes\u201d.<\/p>\n\n\n\n<p>\u201cLos pa\u00edses latinoamericanos presentan muchas veces dos modalidades: por un lado, los pa\u00edses conservadores que no se preocupan por lograr mayor cohesi\u00f3n social e integraci\u00f3n. Y por otro lado, est\u00e1n los pa\u00edses que tienen ese discurso pero que r\u00e1pidamente caen en modalidades autoritarias, aceptando modelos de corrupci\u00f3n y deteriorando as\u00ed la consecuci\u00f3n de sus objetivos. Boric debe demostrar que s\u00ed es posible un camino por el medio de esas dos opciones que permita crear confianza y lograr conquistas sociales que puedan permanecer en el tiempo\u201d, cerr\u00f3 Lacoste.<\/p>\n","protected":false},"excerpt":{"rendered":"<p>Pablo Lacoste, acad\u00e9mico del Instituto de Estudios Avanzados de la U. de Santiago, sostiene que el mandatario sabe que \u201ces indispensable asegurar el acceso a los mercados internacionales y la inversi\u00f3n extranjera\u201d.<\/p>\n","protected":false},"author":1,"featured_media":6473,"comment_status":"closed","ping_status":"closed","sticky":false,"template":"","format":"standard","meta":{"footnotes":""},"categories":[12],"tags":[],"class_list":["post-6472","post","type-post","status-publish","format-standard","has-post-thumbnail","hentry","category-economia"],"_links":{"self":[{"href":"https:\/\/www.semanariolocal.cl\/index.php?rest_route=\/wp\/v2\/posts\/6472","targetHints":{"allow":["GET"]}}],"collection":[{"href":"https:\/\/www.semanariolocal.cl\/index.php?rest_route=\/wp\/v2\/posts"}],"about":[{"href":"https:\/\/www.semanariolocal.cl\/index.php?rest_route=\/wp\/v2\/types\/post"}],"author":[{"embeddable":true,"href":"https:\/\/www.semanariolocal.cl\/index.php?rest_route=\/wp\/v2\/users\/1"}],"replies":[{"embeddable":true,"href":"https:\/\/www.semanariolocal.cl\/index.php?rest_route=%2Fwp%2Fv2%2Fcomments&post=6472"}],"version-history":[{"count":1,"href":"https:\/\/www.semanariolocal.cl\/index.php?rest_route=\/wp\/v2\/posts\/6472\/revisions"}],"predecessor-version":[{"id":6474,"href":"https:\/\/www.semanariolocal.cl\/index.php?rest_route=\/wp\/v2\/posts\/6472\/revisions\/6474"}],"wp:featuredmedia":[{"embeddable":true,"href":"https:\/\/www.semanariolocal.cl\/index.php?rest_route=\/wp\/v2\/media\/6473"}],"wp:attachment":[{"href":"https:\/\/www.semanariolocal.cl\/index.php?rest_route=%2Fwp%2Fv2%2Fmedia&parent=6472"}],"wp:term":[{"taxonomy":"category","embeddable":true,"href":"https:\/\/www.semanariolocal.cl\/index.php?rest_route=%2Fwp%2Fv2%2Fcategories&post=6472"},{"taxonomy":"post_tag","embeddable":true,"href":"https:\/\/www.semanariolocal.cl\/index.php?rest_route=%2Fwp%2Fv2%2Ftags&post=6472"}],"curies":[{"name":"wp","href":"https:\/\/api.w.org\/{rel}","templated":true}]}}