{"id":6449,"date":"2022-06-08T11:33:04","date_gmt":"2022-06-08T15:33:04","guid":{"rendered":"https:\/\/www.semanariolocal.cl\/?p=6449"},"modified":"2022-06-08T11:33:05","modified_gmt":"2022-06-08T15:33:05","slug":"junta-electoral-oficializa-candidaturas-a-rector-de-la-usach","status":"publish","type":"post","link":"https:\/\/www.semanariolocal.cl\/?p=6449","title":{"rendered":"Junta Electoral oficializa candidaturas a Rector de la Usach"},"content":{"rendered":"\n<p>Tres ceremonias consecutivas de oficializaci\u00f3n de candidaturas a Rector se realizaron la tarde de este martes 7 de junio en el Sal\u00f3n de Honor de la Universidad de Santiago.<\/p>\n\n\n\n<p>Hasta el lugar, llegaron los inscritos Jorge Torres, Rodrigo Vidal y Pedro Palominos, quienes se presentaron -en ese orden- ante la Junta Electoral de la Usach.<\/p>\n\n\n\n<p>El organismo comunic\u00f3 a los presentes que revis\u00f3 sus candidaturas y verific\u00f3 que cumpl\u00edan con los requisitos reglamentarios.<\/p>\n\n\n\n<p>\u201cSe oficializ\u00f3 formalmente ante la comunidad que han sido aceptados como candidatos y que en este momento parte la campa\u00f1a electoral\u201d, sostuvo el Secretario General de la casa de estudios, \u00c1ngel Jara.<\/p>\n\n\n\n<p>El Presidente de la Junta Electoral explic\u00f3 que el proceso contin\u00faa el 13 de junio, con el sorteo que definir\u00e1 el orden de la papeleta.<\/p>\n\n\n\n<p>La campa\u00f1a finalizar\u00e1 el 5 de julio y el jueves 7 de dicho mes se celebrar\u00e1 la primera vuelta. La elecci\u00f3n se realizar\u00e1 de manera electr\u00f3nica.<\/p>\n\n\n\n<p>\u201cNo tengo ninguna duda de que la campa\u00f1a que llevar\u00e1n los candidatos ser\u00e1 limpia y de respeto\u201d, concluy\u00f3 Jara.<\/p>\n\n\n\n<p><strong>Candidatos<\/strong><\/p>\n\n\n\n<p>Jorge Torres es ingeniero civil industrial y mag\u00edster en ingenier\u00eda industrial de la Universidad de Santiago de Chile, y doctor en econom\u00eda social de la Universidad de Valencia.<\/p>\n\n\n\n<p>Rodrigo Vidal es arquitecto de la Universidad del B\u00edo B\u00edo, mag\u00edster en dise\u00f1o urbano y ordenamiento del territorio, master en ciencias sociales del desarrollo de la Universidad de Ginebra y docteur \u00e8s lettres de la Universit\u00e9 de Lausanne.<\/p>\n\n\n\n<p>Pedro Palominos es ingeniero civil industrial de la Universidad de Santiago de Chile, mestre em ci\u00eancias da engenharia de produ\u00e7\u00e3o de la Universidade Federal de Rio de Janeiro y doctor en ingenier\u00eda industrial de la Universidad Polit\u00e9cnica de Catalu\u00f1a.<\/p>\n","protected":false},"excerpt":{"rendered":"<p>El organismo confirm\u00f3 que los inscritos Jorge Torres, Rodrigo Vidal y Pedro Palominos cumplen con los requisitos para participar en la competencia electoral, hito que dio inicio a la campa\u00f1a.<\/p>\n","protected":false},"author":1,"featured_media":6450,"comment_status":"closed","ping_status":"closed","sticky":false,"template":"","format":"standard","meta":{"footnotes":""},"categories":[3,6],"tags":[],"class_list":["post-6449","post","type-post","status-publish","format-standard","has-post-thumbnail","hentry","category-al-dia","category-politica"],"_links":{"self":[{"href":"https:\/\/www.semanariolocal.cl\/index.php?rest_route=\/wp\/v2\/posts\/6449","targetHints":{"allow":["GET"]}}],"collection":[{"href":"https:\/\/www.semanariolocal.cl\/index.php?rest_route=\/wp\/v2\/posts"}],"about":[{"href":"https:\/\/www.semanariolocal.cl\/index.php?rest_route=\/wp\/v2\/types\/post"}],"author":[{"embeddable":true,"href":"https:\/\/www.semanariolocal.cl\/index.php?rest_route=\/wp\/v2\/users\/1"}],"replies":[{"embeddable":true,"href":"https:\/\/www.semanariolocal.cl\/index.php?rest_route=%2Fwp%2Fv2%2Fcomments&post=6449"}],"version-history":[{"count":1,"href":"https:\/\/www.semanariolocal.cl\/index.php?rest_route=\/wp\/v2\/posts\/6449\/revisions"}],"predecessor-version":[{"id":6451,"href":"https:\/\/www.semanariolocal.cl\/index.php?rest_route=\/wp\/v2\/posts\/6449\/revisions\/6451"}],"wp:featuredmedia":[{"embeddable":true,"href":"https:\/\/www.semanariolocal.cl\/index.php?rest_route=\/wp\/v2\/media\/6450"}],"wp:attachment":[{"href":"https:\/\/www.semanariolocal.cl\/index.php?rest_route=%2Fwp%2Fv2%2Fmedia&parent=6449"}],"wp:term":[{"taxonomy":"category","embeddable":true,"href":"https:\/\/www.semanariolocal.cl\/index.php?rest_route=%2Fwp%2Fv2%2Fcategories&post=6449"},{"taxonomy":"post_tag","embeddable":true,"href":"https:\/\/www.semanariolocal.cl\/index.php?rest_route=%2Fwp%2Fv2%2Ftags&post=6449"}],"curies":[{"name":"wp","href":"https:\/\/api.w.org\/{rel}","templated":true}]}}