{"id":6443,"date":"2022-06-08T11:19:28","date_gmt":"2022-06-08T15:19:28","guid":{"rendered":"https:\/\/www.semanariolocal.cl\/?p=6443"},"modified":"2022-06-08T11:19:28","modified_gmt":"2022-06-08T15:19:28","slug":"diputados-udi-exigen-al-gobierno-apelar-a-fallo-que-ordena-indemnizar-a-hector-llaitul-con-12-millones","status":"publish","type":"post","link":"https:\/\/www.semanariolocal.cl\/?p=6443","title":{"rendered":"Diputados UDI exigen al Gobierno apelar a fallo  que ordena indemnizar a H\u00e9ctor Llaitul con $12 millones"},"content":{"rendered":"\n<p>Los diputados de la UDI, Sergio Bobadilla y Gustavo Benavente, le exigieron al Gobierno que, a trav\u00e9s del Consejo de Defensa del Estado (CDE), presente una apelaci\u00f3n al fallo dado a conocer por el 7\u00b0 Juzgado Civil de Santiago, que orden\u00f3 indemnizar con $12 millones al l\u00edder de la Coordinadora Arauco-Malleco (CAM), H\u00e9ctor Llaitul, como supuesta v\u00edctima de da\u00f1o moral durante una manifestaci\u00f3n ocurrida en 1988.<\/p>\n\n\n\n<p>Al respecto, los parlamentarios gremialistas aseguraron que el Ejecutivo \u201ctiene la obligaci\u00f3n\u201d de recurrir a todas las instancias judiciales que sean necesarias para oponerse a dicha indemnizaci\u00f3n econ\u00f3mica, recordando que fue el mismo Llaitul el que semanas atr\u00e1s llam\u00f3 a \u201cpreparar las fuerzas\u201d y a \u201corganizar la resistencia armada\u201d en contra del pa\u00eds, por lo que aseguraron que resultar\u00eda \u201ccompletamente inaceptable que el Estado lo considere una v\u00edctima y tenga que indemnizarlo\u201d.<\/p>\n\n\n\n<p>\u201cAl Gobierno ya le tembl\u00f3 la mano al no querellarse en contra de Llaitul por Ley de Seguridad Interior del Estado, existiendo todos los antecedentes para hacerlo. Por lo tanto, esperamos que esta vez no se intimiden y s\u00ed recurran a todas las instancias que tengan a su alcance para impedir la indemnizaci\u00f3n a un l\u00edder terrorista. No podemos permitir que el mismo Estado al que \u00e9l le declara la guerra ahora le est\u00e9 financiando su propia subversi\u00f3n\u201d, cuestionaron los diputados UDI.<\/p>\n\n\n\n<p>En esa l\u00ednea, Bobadilla y Benavente insistieron en que \u201cser\u00eda el colmo que con los impuestos de todos los chilenos estemos subvencionando a los grupos narcoterroristas que operan en nuestro pa\u00eds\u201d, reiterando que \u201csi el Gobierno tiene la real intenci\u00f3n de enfrentar a estas organizaciones criminales, lo primero que debiese hacer es anunciar su apelaci\u00f3n a este fallo\u201d.<\/p>\n\n\n\n<p>\u201cLas actuales autoridades no pueden quedarse de brazos cruzados viendo c\u00f3mo un l\u00edder terrorista se sale con las suyas. Son decenas las v\u00edctimas que han sido asesinadas por esta organizaci\u00f3n criminal, diariamente est\u00e1n realizando atentados terroristas en la Macrozona Sur y ahora, encima, el Estado podr\u00eda estar financiando a uno de sus principales l\u00edderes. Por eso esperamos que el Gobierno act\u00fae con responsabilidad, apele a este fallo y d\u00e9 una se\u00f1al contundente en contra de la violencia y el terrorismo\u201d, se\u00f1alaron los parlamentarios UDI, advirtiendo que \u201cde no hacerlo, todos estos grupos se seguir\u00e1n sintiendo avalados para continuar con todos sus atentados y delitos\u201d.<\/p>\n","protected":false},"excerpt":{"rendered":"<p>Sergio Bobadilla y Gustavo Benavente aseguraron que las autoridades \u201ctienen la obligaci\u00f3n\u201d de recurrir a todas las instancias para \u201cimpedir que sea el propio Estado el que termine financiando las actividades de un grupo narcoterrorista como la CAM\u201d. <\/p>\n","protected":false},"author":1,"featured_media":6444,"comment_status":"closed","ping_status":"closed","sticky":false,"template":"","format":"standard","meta":{"footnotes":""},"categories":[3,6],"tags":[],"class_list":["post-6443","post","type-post","status-publish","format-standard","has-post-thumbnail","hentry","category-al-dia","category-politica"],"_links":{"self":[{"href":"https:\/\/www.semanariolocal.cl\/index.php?rest_route=\/wp\/v2\/posts\/6443","targetHints":{"allow":["GET"]}}],"collection":[{"href":"https:\/\/www.semanariolocal.cl\/index.php?rest_route=\/wp\/v2\/posts"}],"about":[{"href":"https:\/\/www.semanariolocal.cl\/index.php?rest_route=\/wp\/v2\/types\/post"}],"author":[{"embeddable":true,"href":"https:\/\/www.semanariolocal.cl\/index.php?rest_route=\/wp\/v2\/users\/1"}],"replies":[{"embeddable":true,"href":"https:\/\/www.semanariolocal.cl\/index.php?rest_route=%2Fwp%2Fv2%2Fcomments&post=6443"}],"version-history":[{"count":1,"href":"https:\/\/www.semanariolocal.cl\/index.php?rest_route=\/wp\/v2\/posts\/6443\/revisions"}],"predecessor-version":[{"id":6445,"href":"https:\/\/www.semanariolocal.cl\/index.php?rest_route=\/wp\/v2\/posts\/6443\/revisions\/6445"}],"wp:featuredmedia":[{"embeddable":true,"href":"https:\/\/www.semanariolocal.cl\/index.php?rest_route=\/wp\/v2\/media\/6444"}],"wp:attachment":[{"href":"https:\/\/www.semanariolocal.cl\/index.php?rest_route=%2Fwp%2Fv2%2Fmedia&parent=6443"}],"wp:term":[{"taxonomy":"category","embeddable":true,"href":"https:\/\/www.semanariolocal.cl\/index.php?rest_route=%2Fwp%2Fv2%2Fcategories&post=6443"},{"taxonomy":"post_tag","embeddable":true,"href":"https:\/\/www.semanariolocal.cl\/index.php?rest_route=%2Fwp%2Fv2%2Ftags&post=6443"}],"curies":[{"name":"wp","href":"https:\/\/api.w.org\/{rel}","templated":true}]}}