{"id":6440,"date":"2022-06-08T11:16:37","date_gmt":"2022-06-08T15:16:37","guid":{"rendered":"https:\/\/www.semanariolocal.cl\/?p=6440"},"modified":"2022-06-08T11:16:38","modified_gmt":"2022-06-08T15:16:38","slug":"jardines-infantiles-de-puerto-montt-recibieron-certificacion-ambiental","status":"publish","type":"post","link":"https:\/\/www.semanariolocal.cl\/?p=6440","title":{"rendered":"Jardines infantiles de Puerto Montt recibieron certificaci\u00f3n Ambiental"},"content":{"rendered":"\n<p>Las siete unidades educativas obtuvieron su certificaci\u00f3n medio ambiental al implementar de forma exitosa estrategias creativas e innovadoras en sus comunidades.<\/p>\n\n\n\n<p>La ceremonia de premiaci\u00f3n, desarrollada en el Centro de Eventos La Arena de Puerto Montt, fue liderada por personeros de Gobierno, Medio Ambiente y las JUNJI, entre otras entidades; adem\u00e1s, cont\u00f3 con la presencia de las representantes de los jardines infantiles y de diversos establecimientos educacionales de la comuna.<\/p>\n\n\n\n<p>En la jornada, las autoridades locales destacaron el compromiso de experiencias pedag\u00f3gicas realizadas con ni\u00f1os y ni\u00f1as y que impulsan los diferentes jardines en materia de reducir, reciclar y reutilizar y el desarrollo de estas tem\u00e1ticas en sus entornos.<\/p>\n\n\n\n<p>En la oportunidad, tambi\u00e9n, la JUNJI Los Lagos, a trav\u00e9s de su directora (s) Mar\u00eda Antonieta S\u00e1nchez, firm\u00f3 el plan de acci\u00f3n anual del Comit\u00e9 Regional de Educaci\u00f3n Ambiental &#8211; CREA, el cual nace el 2014 con el fin de fortalecer el trabajo intersectorial y de promover la generaci\u00f3n de redes de apoyo.<\/p>\n\n\n\n<p>\u201cAgradecemos a todos los equipos educativos por este gran logro, el cual se complementa con otros proyectos que permiten potenciar las experiencias pedag\u00f3gicas y que se relacionan con el medio ambiente, para que nuestro planeta sea un lugar mejor y m\u00e1s seguro\u201d, enfatiz\u00f3 S\u00e1nchez.<\/p>\n","protected":false},"excerpt":{"rendered":"<p>\u201cDejando Huellas\u201d, \u201cLugar de Sol\u201d, \u201cCastillo de Ilusi\u00f3n\u201d, \u201cNavegando Sonrisas\u201d, \u201cMilla Ant\u00fc\u201d, \u201cRa\u00edces de Colores\u201d y \u201cSue\u00f1o de Colores\u201d fueron reconocidos como establecimientos educacionales con compromiso medio ambiental por parte de autoridades regionales.<\/p>\n","protected":false},"author":1,"featured_media":6441,"comment_status":"closed","ping_status":"closed","sticky":false,"template":"","format":"standard","meta":{"footnotes":""},"categories":[3,11],"tags":[],"class_list":["post-6440","post","type-post","status-publish","format-standard","has-post-thumbnail","hentry","category-al-dia","category-educacion"],"_links":{"self":[{"href":"https:\/\/www.semanariolocal.cl\/index.php?rest_route=\/wp\/v2\/posts\/6440","targetHints":{"allow":["GET"]}}],"collection":[{"href":"https:\/\/www.semanariolocal.cl\/index.php?rest_route=\/wp\/v2\/posts"}],"about":[{"href":"https:\/\/www.semanariolocal.cl\/index.php?rest_route=\/wp\/v2\/types\/post"}],"author":[{"embeddable":true,"href":"https:\/\/www.semanariolocal.cl\/index.php?rest_route=\/wp\/v2\/users\/1"}],"replies":[{"embeddable":true,"href":"https:\/\/www.semanariolocal.cl\/index.php?rest_route=%2Fwp%2Fv2%2Fcomments&post=6440"}],"version-history":[{"count":1,"href":"https:\/\/www.semanariolocal.cl\/index.php?rest_route=\/wp\/v2\/posts\/6440\/revisions"}],"predecessor-version":[{"id":6442,"href":"https:\/\/www.semanariolocal.cl\/index.php?rest_route=\/wp\/v2\/posts\/6440\/revisions\/6442"}],"wp:featuredmedia":[{"embeddable":true,"href":"https:\/\/www.semanariolocal.cl\/index.php?rest_route=\/wp\/v2\/media\/6441"}],"wp:attachment":[{"href":"https:\/\/www.semanariolocal.cl\/index.php?rest_route=%2Fwp%2Fv2%2Fmedia&parent=6440"}],"wp:term":[{"taxonomy":"category","embeddable":true,"href":"https:\/\/www.semanariolocal.cl\/index.php?rest_route=%2Fwp%2Fv2%2Fcategories&post=6440"},{"taxonomy":"post_tag","embeddable":true,"href":"https:\/\/www.semanariolocal.cl\/index.php?rest_route=%2Fwp%2Fv2%2Ftags&post=6440"}],"curies":[{"name":"wp","href":"https:\/\/api.w.org\/{rel}","templated":true}]}}