{"id":627,"date":"2021-06-29T10:26:00","date_gmt":"2021-06-29T14:26:00","guid":{"rendered":"https:\/\/www.semanariolocal.cl\/?p=627"},"modified":"2021-06-30T00:28:58","modified_gmt":"2021-06-30T04:28:58","slug":"chile-y-alemania-firman-acuerdo-para-impulsar-el-hidrogeno-verde","status":"publish","type":"post","link":"https:\/\/www.semanariolocal.cl\/?p=627","title":{"rendered":"Chile y Alemania firman acuerdo para impulsar el hidr\u00f3geno verde"},"content":{"rendered":"\n<p style=\"font-size:17px\">el ministro de Energ\u00eda, Juan Carlos Jobet, junto al ministro de Econom\u00eda y Energ\u00eda de Alemania, Peter Altmaier, firmaron una declaraci\u00f3n conjunta para fortalecer la cooperaci\u00f3n en materia de hidr\u00f3geno verde y anunciaron la creaci\u00f3n de un grupo de trabajo en el marco de la Asociaci\u00f3n Chileno-Alemana de Energ\u00eda para identificar proyectos viables de hidr\u00f3geno verde.<\/p>\n\n\n\n<p style=\"font-size:17px\">\u201cCompartimos con Alemania el inter\u00e9s de avanzar hacia la carbono neutralidad al 2050. Y para alcanzar la meta, el hidr\u00f3geno verde es esencial\u201d, se\u00f1al\u00f3 el Titular de Energ\u00eda.<\/p>\n\n\n\n<p style=\"font-size:17px\">Para ello, se celebrar\u00e1n reuniones peri\u00f3dicas del grupo de trabajo, reforzando el di\u00e1logo bilateral y la cooperaci\u00f3n entre Chile y Alemania en estas \u00e1reas.<\/p>\n\n\n\n<p style=\"font-size:17px\">De esta forma, ambos ministerio acordaron crear un Grupo de Trabajo sobre Hidr\u00f3geno Verde para facilitar el desarrollo de las cadenas de suministro en el extranjero, compartir conocimientos y experiencias en materia de normas y procedimientos de seguridad. Adem\u00e1s, tambi\u00e9n ser\u00e1 una instancia para avanzar en el desarrollo de sistemas de certificaci\u00f3n de emisiones bajas de carbono, promover el desarrollo conjunto de proyectos de investigaci\u00f3n, piloto y de demostraci\u00f3n.<\/p>\n\n\n\n<p style=\"font-size:17px\">Por su parte, el ministro Altmaier se refiri\u00f3 al programa H2GLobal,&nbsp; iniciativa del Gobierno alem\u00e1n que busca importar hidr\u00f3geno verde, apoyando proyectos de electrolizadores en el extranjero y asegur\u00f3 que la \u201ccooperaci\u00f3n con Chile es importante puesto que los grandes actores del rubro energ\u00e9tico de Alemania buscan nuevas rutas comerciales para las importaciones de hidr\u00f3geno verde, como una alternativa m\u00e1s limpia a los combustibles f\u00f3siles\u201d.<\/p>\n\n\n\n<p style=\"font-size:17px\">Finalmente las autoridades tambi\u00e9n se\u00f1alaron que este grupo de trabajo buscar\u00e1 identificar&nbsp; oportunidades para la creaci\u00f3n de consorcios y la inversi\u00f3n, as\u00ed como tambi\u00e9n profundizar en las redes y asociaciones del sector privado.<\/p>\n\n\n\n<p style=\"font-size:17px\">El grupo de Trabajo tendr\u00e1 una duraci\u00f3n de 12 meses y luego se evaluar\u00e1 su continuidad.<\/p>\n\n\n\n<p style=\"font-size:17px\">Esta firma tambi\u00e9n se da en el marco de la conferencia que tuvieron esta ma\u00f1ana el Presidente Sebasti\u00e1n Pi\u00f1era junto a la Canciller alemana \u00c1ngela Merkel, en donde uno de los focos gue el desarrollo de las energ\u00edas limpias y del hidr\u00f3geno verde..<\/p>\n\n\n\n<p style=\"font-size:17px\">Cabe destacar que en diciembre el ministerio alem\u00e1n anunci\u00f3 su apoyo a HIF (Highly Innovative Fuels), el primer proyecto de eCombustibles que se desarrolla en Chile y que consiste en la generaci\u00f3n y utilizaci\u00f3n de hidr\u00f3geno verde para producir metanol y gasolina. El Gobierno alem\u00e1n apoyar\u00e1 con la contribuci\u00f3n de contribuyendo 8,2 millones de euros (US$ 9,76 millones) a trav\u00e9s de Siemens Energy.<\/p>\n\n\n\n<p style=\"font-size:17px\">ALIANZA ENERG\u00c9TICA CHILENO \u2013 ALEMANA (AEE)<\/p>\n\n\n\n<p style=\"font-size:17px\">La Alianza Energ\u00e9tica Chileno-Alemana (AEE) entr\u00f3 en funcionamiento en Berl\u00edn el 9 de abril de 2019. La asociaci\u00f3n proporciona un foro para el di\u00e1logo pol\u00edtico de alto nivel y re\u00fane a representantes de diferentes sectores con el fin de compartir las mejores pr\u00e1cticas y apoyar la transici\u00f3n hacia un sistema energ\u00e9tico bajo en carbono en ambos pa\u00edses. En una primera reuni\u00f3n conjunta de alto nivel durante la COP25 en Madrid, ambos pa\u00edses decidieron conjuntamente intensificar la cooperaci\u00f3n en los siguientes temas: Hidr\u00f3geno verde y electromovilidad, eficiencia energ\u00e9tica, digitalizaci\u00f3n, expansi\u00f3n de la red (regional), innovaciones neutras en carbono y estrategias de salida del carb\u00f3n.<\/p>\n","protected":false},"excerpt":{"rendered":"<p>Ambos pa\u00edses acordaron fortalecer la cooperaci\u00f3n en materia de hidr\u00f3geno verde y anunciaron la creaci\u00f3n de un grupo de trabajo en el marco de la Asociaci\u00f3n Chileno-Alemana de Energ\u00eda para identificar proyectos viables del llamado \u201ccombustible del futuro\u201d.<\/p>\n","protected":false},"author":1,"featured_media":628,"comment_status":"closed","ping_status":"closed","sticky":false,"template":"","format":"standard","meta":{"footnotes":""},"categories":[12],"tags":[],"class_list":["post-627","post","type-post","status-publish","format-standard","has-post-thumbnail","hentry","category-economia"],"_links":{"self":[{"href":"https:\/\/www.semanariolocal.cl\/index.php?rest_route=\/wp\/v2\/posts\/627","targetHints":{"allow":["GET"]}}],"collection":[{"href":"https:\/\/www.semanariolocal.cl\/index.php?rest_route=\/wp\/v2\/posts"}],"about":[{"href":"https:\/\/www.semanariolocal.cl\/index.php?rest_route=\/wp\/v2\/types\/post"}],"author":[{"embeddable":true,"href":"https:\/\/www.semanariolocal.cl\/index.php?rest_route=\/wp\/v2\/users\/1"}],"replies":[{"embeddable":true,"href":"https:\/\/www.semanariolocal.cl\/index.php?rest_route=%2Fwp%2Fv2%2Fcomments&post=627"}],"version-history":[{"count":1,"href":"https:\/\/www.semanariolocal.cl\/index.php?rest_route=\/wp\/v2\/posts\/627\/revisions"}],"predecessor-version":[{"id":629,"href":"https:\/\/www.semanariolocal.cl\/index.php?rest_route=\/wp\/v2\/posts\/627\/revisions\/629"}],"wp:featuredmedia":[{"embeddable":true,"href":"https:\/\/www.semanariolocal.cl\/index.php?rest_route=\/wp\/v2\/media\/628"}],"wp:attachment":[{"href":"https:\/\/www.semanariolocal.cl\/index.php?rest_route=%2Fwp%2Fv2%2Fmedia&parent=627"}],"wp:term":[{"taxonomy":"category","embeddable":true,"href":"https:\/\/www.semanariolocal.cl\/index.php?rest_route=%2Fwp%2Fv2%2Fcategories&post=627"},{"taxonomy":"post_tag","embeddable":true,"href":"https:\/\/www.semanariolocal.cl\/index.php?rest_route=%2Fwp%2Fv2%2Ftags&post=627"}],"curies":[{"name":"wp","href":"https:\/\/api.w.org\/{rel}","templated":true}]}}