{"id":618,"date":"2021-06-29T09:51:00","date_gmt":"2021-06-29T13:51:00","guid":{"rendered":"https:\/\/www.semanariolocal.cl\/?p=618"},"modified":"2021-06-29T23:59:01","modified_gmt":"2021-06-30T03:59:01","slug":"ciencias-en-tiempos-de-pandemia","status":"publish","type":"post","link":"https:\/\/www.semanariolocal.cl\/?p=618","title":{"rendered":"Ciencias en tiempos de pandemia"},"content":{"rendered":"\n<p style=\"font-size:17px\">Durante el 2020 y 2021 el incremento de las publicaciones cient\u00edficas sobre el Covid19 en la base de datos de la plataforma PubMed (motor de b\u00fasqueda en ciencias de la salud), ha sido de 144.758 publicaciones, y s\u00f3lo en el 2021 se han generado 91.260 publicaciones cient\u00edficas. La ciencia, m\u00e1s bien las personas que trabajan en ella han dise\u00f1ado al menos tres tipos distintos de vacunas contra el SARS-CoV-2, de las cuales la comunidad tiene conocimiento a partir de los medios de comunicaci\u00f3n de qu\u00e9 est\u00e1n compuestas, cu\u00e1les son sus efectos y c\u00f3mo es su proceder en la formaci\u00f3n de anticuerpos.<\/p>\n\n\n\n<p style=\"font-size:17px\">De las pandemias que han existido en el planeta, la que hoy estamos viviendo es la que nos ha transformado en espectador y la ciencia se encuentra transcurriendo en vivo y en directo, el p\u00fablico se ha involucrado e informado diariamente de tipos vacunas, contagio, brotes y c\u00f3mo el virus puede generar efectos secundarios especialmente en nuestros ni\u00f1os, como por ejemplo el PIMS S\u00edndrome Inflamatorio Multisist\u00e9mico, del cual la ciencia ha tenido un rol muy importante identificando sintomatolog\u00eda la que es fundamental para un correcto tratamiento y curso de la enfermedad.<\/p>\n\n\n\n<p style=\"font-size:17px\">Si comparamos lo que ocurri\u00f3 en la Pandemia de la Peste Negra que atac\u00f3 entre los a\u00f1os 1347- 1350 principalmente a Europa, en esa \u00e9poca la ciencia no se encontraba preparada, luego 400 a\u00f1os m\u00e1s tarde se logr\u00f3 aislar a la bacteria que parasitaba las pulgas que se encontraban en ratones, la cura fue muy simple \u201celiminar los ratones\u201d, sin embargo, para ello debieron trabajar un sin n\u00famero de cient\u00edficos con escasos medios y con la tecnolog\u00eda de ese entonces.<\/p>\n\n\n\n<p style=\"font-size:17px\">Ahora, en Chile, tambi\u00e9n est\u00e1n pasando cosas interesantes y revolucionarias debido a que en abril del 2020 un grupo de j\u00f3venes cient\u00edficos chilenos y australianos aislaron anticuerpos de alpacas capaces de neutralizar una de las variantes m\u00e1s peligrosas del COVID-19, la noticia dio vuelta al mundo y fue publicada en la revista National Geographic, sin embargo, es incre\u00edble que la investigaci\u00f3n fuera financiada en junio 2021 por un laboratorio extranjero.<\/p>\n\n\n\n<p style=\"font-size:17px\">Hemos sido espectadores de c\u00f3mo la ciencia ha avanzado tan r\u00e1pido en tan poco tiempo transform\u00e1ndose en la \u00fanica herramienta que tenemos para poder enfrentar la pandemia y lograr un futuro m\u00e1s seguro.<\/p>\n\n\n\n<p style=\"font-size:17px\">&nbsp;&nbsp;&nbsp;&nbsp;&nbsp;&nbsp;&nbsp;&nbsp;&nbsp;&nbsp;&nbsp;&nbsp;&nbsp;&nbsp; Precisamente para profundizar sobre la ciencia, nuevamente este a\u00f1o la Universidad Santo Tom\u00e1s est\u00e1 organizando la 10\u00b0 versi\u00f3n de la Feria de la Ciencia y Tecnolog\u00eda que se desarrollar\u00e1 los d\u00edas 24 y 25 de agosto de manera virtual, una iniciativa consolidada en la zona sur que busca educar en los ni\u00f1os y j\u00f3venes universitarios la relevancia que tiene la ciencia en el ecosistema, y de c\u00f3mo hoy podemos hacernos parte para fomentar esta \u00e1rea que durante estos dos \u00faltimos a\u00f1os demostr\u00f3 ser vital para la salvaci\u00f3n de la vida humana.<\/p>\n\n\n\n<p style=\"font-size:17px\"><strong>Joseline Hipp &#8211; Bi\u00f3loga Marina UST OSORNO<\/strong> &#8211; <strong>Mg. Microbiolog\u00eda<\/strong> &#8211; <strong>Coordinadora Feria de la Ciencia y Tecnolog\u00eda<\/strong> &#8211; <strong>Universidad Santo Tom\u00e1s Osorno<\/strong><\/p>\n","protected":false},"excerpt":{"rendered":"<p>Durante el 2020 y 2021 el incremento de las publicaciones cient\u00edficas sobre el Covid19 en la base de datos de la plataforma PubMed (motor de b\u00fasqueda en ciencias de la salud), ha sido de 144.758 publicaciones, y s\u00f3lo en el 2021 se han generado 91.260 publicaciones cient\u00edficas. La ciencia, m\u00e1s bien las personas que trabajan&#8230;<a class=\"btnReadMore\" href=\"https:\/\/www.semanariolocal.cl\/?p=618\"> Leer M\u00e1s<\/a><\/p>\n","protected":false},"author":1,"featured_media":619,"comment_status":"closed","ping_status":"closed","sticky":false,"template":"","format":"standard","meta":{"footnotes":""},"categories":[7],"tags":[],"class_list":["post-618","post","type-post","status-publish","format-standard","has-post-thumbnail","hentry","category-opinion"],"_links":{"self":[{"href":"https:\/\/www.semanariolocal.cl\/index.php?rest_route=\/wp\/v2\/posts\/618","targetHints":{"allow":["GET"]}}],"collection":[{"href":"https:\/\/www.semanariolocal.cl\/index.php?rest_route=\/wp\/v2\/posts"}],"about":[{"href":"https:\/\/www.semanariolocal.cl\/index.php?rest_route=\/wp\/v2\/types\/post"}],"author":[{"embeddable":true,"href":"https:\/\/www.semanariolocal.cl\/index.php?rest_route=\/wp\/v2\/users\/1"}],"replies":[{"embeddable":true,"href":"https:\/\/www.semanariolocal.cl\/index.php?rest_route=%2Fwp%2Fv2%2Fcomments&post=618"}],"version-history":[{"count":1,"href":"https:\/\/www.semanariolocal.cl\/index.php?rest_route=\/wp\/v2\/posts\/618\/revisions"}],"predecessor-version":[{"id":620,"href":"https:\/\/www.semanariolocal.cl\/index.php?rest_route=\/wp\/v2\/posts\/618\/revisions\/620"}],"wp:featuredmedia":[{"embeddable":true,"href":"https:\/\/www.semanariolocal.cl\/index.php?rest_route=\/wp\/v2\/media\/619"}],"wp:attachment":[{"href":"https:\/\/www.semanariolocal.cl\/index.php?rest_route=%2Fwp%2Fv2%2Fmedia&parent=618"}],"wp:term":[{"taxonomy":"category","embeddable":true,"href":"https:\/\/www.semanariolocal.cl\/index.php?rest_route=%2Fwp%2Fv2%2Fcategories&post=618"},{"taxonomy":"post_tag","embeddable":true,"href":"https:\/\/www.semanariolocal.cl\/index.php?rest_route=%2Fwp%2Fv2%2Ftags&post=618"}],"curies":[{"name":"wp","href":"https:\/\/api.w.org\/{rel}","templated":true}]}}