{"id":6065,"date":"2022-05-20T07:25:52","date_gmt":"2022-05-20T11:25:52","guid":{"rendered":"https:\/\/www.semanariolocal.cl\/?p=6065"},"modified":"2022-05-19T22:22:35","modified_gmt":"2022-05-20T02:22:35","slug":"dura-critica-a-remocion-de-jefe-de-defensa-es-grave-poner-en-riesgo-a-efectivos-de-las-ff-aa","status":"publish","type":"post","link":"https:\/\/www.semanariolocal.cl\/?p=6065","title":{"rendered":"Dura cr\u00edtica a remoci\u00f3n de Jefe de Defensa: \u201cEs grave poner en riesgo a efectivos de las FF.AA\u201d"},"content":{"rendered":"\n<p>os diputados de la UDI que representan a las regiones del B\u00edo B\u00edo y La Araucan\u00eda, Sergio Bobadilla, Flor Weisse y Henry Leal, criticaron duramente la decisi\u00f3n del Gobierno de remover como Jefe de Defensa de las provincias de Arauco y el B\u00edo B\u00edo al vicealmirante Jorge Parga, asegurando que con la decisi\u00f3n \u201cle est\u00e1n quitando todo el respaldo pol\u00edtico a nuestras Fuerzas Armadas (FF.AA), lo que es sumamente grave dado el contexto de violencia en que se encuentra la Macrozona Sur\u201d.<\/p>\n\n\n\n<p>Al respecto, los parlamentarios gremialistas cuestionaron que se decidiera cambiar al encargado de la zona por haber respaldado a sus funcionarios de la Armada en el marco de las movilizaciones de 2019, insistiendo en que \u201ccuando un Gobierno le quita de esta manera su respaldo a quienes est\u00e1n mandatos a restablecer el orden p\u00fablico, lo \u00fanico que provocan es una se\u00f1al en favor de la impunidad\u201d.<\/p>\n\n\n\n<p>\u201cLas Fuerzas Armadas tienen que salir fortalecidas a combatir a los grupos delictuales y narcoterroristas que operan en la Macrozona Sur. Y por supuesto que siempre lo tienen que hacer apegados a la ley, pero tambi\u00e9n es necesario que sientan detr\u00e1s de ellos un respaldo pol\u00edtico de parte de las actuales autoridades. Por eso esta decisi\u00f3n del Gobierno de remover al Jefe de la Defensa es bastante grave, porque indirectamente incita a los violentistas a seguir actuando a su propia manera, poniendo en riesgo a cientos de efectivos de las FF.AA\u201d, advirtieron los UDI.<\/p>\n\n\n\n<p>Por lo mismo, Bobadilla, Weisse y Leal acusaron que \u201ces probable que hoy los narcoterroristas est\u00e9n m\u00e1s tranquilos que ayer, porque saben que el Gobierno removi\u00f3 de su cargo a un almirante que no estaba dispuesto a que sus hombres fueran atacados, y que siempre los iba a estar motivando a defenderse tanto ellos como a los chilenos\u201d, agregando que \u201cal Ejecutivo no les bast\u00f3 con decretar un Estado de Excepci\u00f3n bastante acotado, sino que ahora le quitan todo respaldo pol\u00edtico a nuestras FF.AA\u201d.<\/p>\n\n\n\n<p>\u201cEsperamos que el Gobierno pueda reconocer, una vez m\u00e1s, que se equivoc\u00f3 y revierta su decisi\u00f3n, porque de lo contrario los grupos narcoterroristas seguir\u00e1n actuando como lo han hecho durante los \u00faltimos meses\u201d, reiteraron los parlamentarios gremialistas, advirtiendo que \u201csi llegan a ocurrir ataques a la FF.AA, los principales responsables ser\u00e1n las actuales autoridades de gobierno\u201d.<\/p>\n","protected":false},"excerpt":{"rendered":"<p>os diputados de la UDI que representan a las regiones del B\u00edo B\u00edo y La Araucan\u00eda, Sergio Bobadilla, Flor Weisse y Henry Leal, criticaron duramente la decisi\u00f3n del Gobierno de remover como Jefe de Defensa de las provincias de Arauco y el B\u00edo B\u00edo al vicealmirante Jorge Parga, asegurando que con la decisi\u00f3n \u201cle est\u00e1n&#8230;<a class=\"btnReadMore\" href=\"https:\/\/www.semanariolocal.cl\/?p=6065\"> Leer M\u00e1s<\/a><\/p>\n","protected":false},"author":1,"featured_media":6066,"comment_status":"closed","ping_status":"closed","sticky":false,"template":"","format":"standard","meta":{"footnotes":""},"categories":[6],"tags":[],"class_list":["post-6065","post","type-post","status-publish","format-standard","has-post-thumbnail","hentry","category-politica"],"_links":{"self":[{"href":"https:\/\/www.semanariolocal.cl\/index.php?rest_route=\/wp\/v2\/posts\/6065","targetHints":{"allow":["GET"]}}],"collection":[{"href":"https:\/\/www.semanariolocal.cl\/index.php?rest_route=\/wp\/v2\/posts"}],"about":[{"href":"https:\/\/www.semanariolocal.cl\/index.php?rest_route=\/wp\/v2\/types\/post"}],"author":[{"embeddable":true,"href":"https:\/\/www.semanariolocal.cl\/index.php?rest_route=\/wp\/v2\/users\/1"}],"replies":[{"embeddable":true,"href":"https:\/\/www.semanariolocal.cl\/index.php?rest_route=%2Fwp%2Fv2%2Fcomments&post=6065"}],"version-history":[{"count":1,"href":"https:\/\/www.semanariolocal.cl\/index.php?rest_route=\/wp\/v2\/posts\/6065\/revisions"}],"predecessor-version":[{"id":6067,"href":"https:\/\/www.semanariolocal.cl\/index.php?rest_route=\/wp\/v2\/posts\/6065\/revisions\/6067"}],"wp:featuredmedia":[{"embeddable":true,"href":"https:\/\/www.semanariolocal.cl\/index.php?rest_route=\/wp\/v2\/media\/6066"}],"wp:attachment":[{"href":"https:\/\/www.semanariolocal.cl\/index.php?rest_route=%2Fwp%2Fv2%2Fmedia&parent=6065"}],"wp:term":[{"taxonomy":"category","embeddable":true,"href":"https:\/\/www.semanariolocal.cl\/index.php?rest_route=%2Fwp%2Fv2%2Fcategories&post=6065"},{"taxonomy":"post_tag","embeddable":true,"href":"https:\/\/www.semanariolocal.cl\/index.php?rest_route=%2Fwp%2Fv2%2Ftags&post=6065"}],"curies":[{"name":"wp","href":"https:\/\/api.w.org\/{rel}","templated":true}]}}