{"id":6056,"date":"2022-05-20T07:05:00","date_gmt":"2022-05-20T11:05:00","guid":{"rendered":"https:\/\/www.semanariolocal.cl\/?p=6056"},"modified":"2022-05-19T22:12:55","modified_gmt":"2022-05-20T02:12:55","slug":"mindep-ind-entrego-implementacion-deportiva-a-menores-de-la-escuela-julio-mohr-de-san-pablo","status":"publish","type":"post","link":"https:\/\/www.semanariolocal.cl\/?p=6056","title":{"rendered":"Mindep IND entreg\u00f3 implementaci\u00f3n deportiva a menores de la Escuela Julio Mohr de San Pablo"},"content":{"rendered":"\n<p>Una entrega de implementaci\u00f3n deportiva efectu\u00f3 la Seremi del Deporte, Carolina Urrutia Soto junto a la Delegada &nbsp;Presidencial Provincial de Osorno, Claudia Pailalef, a alumnos y alumnas de la Escuela Rural Julio Mohr de San Pablo.<\/p>\n\n\n\n<p>El aporte supera el mill\u00f3n trescientos mil pesos, utilizados para la adquisici\u00f3n de materiales para la pr\u00e1ctica de diferentes deportes, tales como pelotas y redes de tenis de mesa, balones de b\u00e1squetbol, balonmano y futsal, bolsos porta balones, relojes y tableros de ajedrez, jabalinas, discos, martillos, balas y vallas de atletismo de iniciaci\u00f3n, petos, huinchas demarcadoras y conos.<\/p>\n\n\n\n<p>La implementaci\u00f3n fue recibida por el Director del establecimiento educacional, Carlos Caro junto al Alcalde de San Pablo, Juan Carlos Soto acompa\u00f1ado por el concejal Richard Albretch y el encargado de deportes, Elvis Aranda.<\/p>\n\n\n\n<p>La Escuela Rural Julio Mohr Schuler de la comuna de San Pablo tiene una matr\u00edcula de 96 alumnos, desde Pre Kinder hasta Octavo B\u00e1sico y tiene un sello deportivo, tal cual como lo indic\u00f3 el profesor encargado, Carlos Caro, quien se refiri\u00f3 a esta entrega, se\u00f1alando que \u201cesta actividad era esperada hace un buen rato, est\u00e1bamos en comunicaci\u00f3n con el IND y la Seremi del Deporte, pero nosotros estamos esperando esto, estamos muy contentos, tuvimos lamentablemente una tragedia el 11 de marzo de este a\u00f1o, se nos quem\u00f3 la totalidad de nuestra escuela, que tiene sello deportivo, por lo tanto, perdimos mucho material, pero esta entrega nos lleva a volver a renacer y cultivar el deporte, que es tan lindo para nuestros ni\u00f1os\u201d.<\/p>\n\n\n\n<p>En tanto, la Seremi del Deporte, Carolina Urrutia, &nbsp;dijo que \u201cnos enfocamos en que son una escuela que ten\u00eda un sello deportivo, intentamos ayudarlo de alguna forma, pensando que en este siniestro lo perdieron todo, la idea es que no pierdan el incentivo para hacer actividad f\u00edsica ni deporte, as\u00ed es que trajimos hoy d\u00eda un aporte consistente en materiales para que ellos puedan hacer todo tipo de deportes, como atletismo, tenis de mesa, futsal, b\u00e1squetbol y todo lo necesario para el desarrollo de la psicomotricidad y el atletismo adaptado a nivel de formaci\u00f3n, para que sigan con el mismo inter\u00e9s de participar en los Juegos Deportivos Escolares\u201d.<\/p>\n\n\n\n<p>Mientras que el Alcalde de San Pablo, destac\u00f3 este aporte, mencionando que \u201ces una actividad muy importante para nuestra comunidad educativa, donde se hizo entrega de implementaci\u00f3n deportiva que va a permitir que nuestros ni\u00f1os y ni\u00f1as, puedan seguir con sus actividades, esta escuela sufri\u00f3 un incendio en el mes de marzo donde la comunidad qued\u00f3 resentida emocionalmente y han tenido que cambiar su h\u00e1bito estudiantil en cuanto a la permanencia territorial y este material que hoy se entrega es muy valioso para que nuestros ni\u00f1os tengan ese empuje necesario para seguir desarrollando sus actividades escolares\u201d.<\/p>\n\n\n\n<p>Por su parte, Claudia Pailalef, manifest\u00f3 que \u201ces un aporte muy significativo para la comunidad escolar, dado lo complicado que ha sido para ellos haber perdido su establecimiento educacional, por lo tanto, creemos que esto va a ser un incentivo para que sigan realizando deportes, para que sigan transmitiendo valores como el trabajo en equipo, la responsabilidad, el compa\u00f1erismo y destacar la labor que ha realizado el cuerpo docente y el compromiso de toda la comunidad escolar para sacar adelante a todos los ni\u00f1os y ni\u00f1as\u201d.<\/p>\n","protected":false},"excerpt":{"rendered":"<p>Se trata de un establecimiento educacional rural, que tiene una matr\u00edcula de 96 alumnos, de Pre Kinder a Octavo B\u00e1sico, cuya infraestructura fue destruida producto de un incendio, ocurrido el pasado 11 de marzo.<\/p>\n","protected":false},"author":1,"featured_media":6057,"comment_status":"closed","ping_status":"closed","sticky":false,"template":"","format":"standard","meta":{"footnotes":""},"categories":[3],"tags":[],"class_list":["post-6056","post","type-post","status-publish","format-standard","has-post-thumbnail","hentry","category-al-dia"],"_links":{"self":[{"href":"https:\/\/www.semanariolocal.cl\/index.php?rest_route=\/wp\/v2\/posts\/6056","targetHints":{"allow":["GET"]}}],"collection":[{"href":"https:\/\/www.semanariolocal.cl\/index.php?rest_route=\/wp\/v2\/posts"}],"about":[{"href":"https:\/\/www.semanariolocal.cl\/index.php?rest_route=\/wp\/v2\/types\/post"}],"author":[{"embeddable":true,"href":"https:\/\/www.semanariolocal.cl\/index.php?rest_route=\/wp\/v2\/users\/1"}],"replies":[{"embeddable":true,"href":"https:\/\/www.semanariolocal.cl\/index.php?rest_route=%2Fwp%2Fv2%2Fcomments&post=6056"}],"version-history":[{"count":1,"href":"https:\/\/www.semanariolocal.cl\/index.php?rest_route=\/wp\/v2\/posts\/6056\/revisions"}],"predecessor-version":[{"id":6058,"href":"https:\/\/www.semanariolocal.cl\/index.php?rest_route=\/wp\/v2\/posts\/6056\/revisions\/6058"}],"wp:featuredmedia":[{"embeddable":true,"href":"https:\/\/www.semanariolocal.cl\/index.php?rest_route=\/wp\/v2\/media\/6057"}],"wp:attachment":[{"href":"https:\/\/www.semanariolocal.cl\/index.php?rest_route=%2Fwp%2Fv2%2Fmedia&parent=6056"}],"wp:term":[{"taxonomy":"category","embeddable":true,"href":"https:\/\/www.semanariolocal.cl\/index.php?rest_route=%2Fwp%2Fv2%2Fcategories&post=6056"},{"taxonomy":"post_tag","embeddable":true,"href":"https:\/\/www.semanariolocal.cl\/index.php?rest_route=%2Fwp%2Fv2%2Ftags&post=6056"}],"curies":[{"name":"wp","href":"https:\/\/api.w.org\/{rel}","templated":true}]}}