{"id":5949,"date":"2022-05-12T17:26:58","date_gmt":"2022-05-12T21:26:58","guid":{"rendered":"https:\/\/www.semanariolocal.cl\/?p=5949"},"modified":"2022-05-12T17:44:37","modified_gmt":"2022-05-12T21:44:37","slug":"abiertas-postulaciones-a-programa-de-recuperacion-de-emprendimientos-para-mujeres-de-la-pesca-artesanal","status":"publish","type":"post","link":"https:\/\/www.semanariolocal.cl\/?p=5949","title":{"rendered":"Abiertas postulaciones a programa  emprendimiento para mujeres de pesca artesanal"},"content":{"rendered":"\n<p>En la comuna de Hualaihu\u00e9, en la provincia de Palena regi\u00f3n de los Lagos, se realiz\u00f3 la ceremonia oficial del lanzamiento del \u201cPrograma de Recuperaci\u00f3n Econ\u00f3mica para el empoderamiento y fortalecimiento de los emprendimientos de las mujeres de la pesca\u201d, que busca apoyar los negocios gastron\u00f3micos no formalizados, liderados por mujeres del sector pesquero artesanal, que vieron mermados sus recursos producto de la crisis sanitaria provocada por el COVID-19.<\/p>\n\n\n\n<div class=\"wp-block-image is-style-default\"><figure class=\"alignleft size-large is-resized\"><img loading=\"lazy\" decoding=\"async\" src=\"https:\/\/www.semanariolocal.cl\/wp-content\/uploads\/2022\/05\/cocina-1000x600.jpg\" alt=\"\" class=\"wp-image-5953\" width=\"499\" height=\"299\" srcset=\"https:\/\/www.semanariolocal.cl\/wp-content\/uploads\/2022\/05\/cocina.jpg 1000w, https:\/\/www.semanariolocal.cl\/wp-content\/uploads\/2022\/05\/cocina-300x180.jpg 300w, https:\/\/www.semanariolocal.cl\/wp-content\/uploads\/2022\/05\/cocina-768x461.jpg 768w\" sizes=\"auto, (max-width: 499px) 100vw, 499px\" \/><\/figure><\/div>\n\n\n\n<p>Las postulaciones para las interesadas ya se encuentran abiertas, de las cuales son 200 las mujeres preseleccioandas y luego de un proceso de visitas en terreno ser\u00e1n 120 finalmente las que accederan a este beneficio, lo que fue valorado por el gobernador Patricio Vallesp\u00edn quien agreg\u00f3 que \u201ceste es un proyecto muy innovador, que busca ser un aporte real destinado a la mujer emprendedora, para ayudarles a avanzar en la formalizaci\u00f3n de sus negocios, y por ello como gobierno regional hemos aportado con recursos que sabemos van en beneficio de quienes tambi\u00e9n, y producto de la pandemia, tuvieron una merma importante en sus ingresos\u201d<\/p>\n\n\n\n<p>Para Maite Burgos, dirigenta de la comuna de San juan de la Costa y presidenta de la Corporaci\u00f3n Regional de Mujeres de la Pesca Artesanal, este fue un trabajo arduo por parte de la la Fundaci\u00f3n Centro Universitario para la Innovaci\u00f3n para sacar este programa adelante, el que \u2013 se\u00f1al\u00f3 \u2013 \u201cva a entregar las herramientas necesarias a las beneficiarias para desarrollar sus emprendimientos de manera formal, lo que le permitir\u00e1 trabajar en mejores condiciones\u201d, agradeciendo tambi\u00e9n la confianza del Gobierno Regional para financiar esta iniciativa<\/p>\n\n\n\n<p>Por su parte Viviana Vrsalovic, presidenta de la Fundaci\u00f3n Centro Universitario para la Innovaci\u00f3n, indic\u00f3 que la idea es trabajar fuertemente para apoyar a las mujeres en el fortalecimiento de sus emprendimientos gastron\u00f3micos que no est\u00e9n formalizados, \u201cpara lo cual ellas podr\u00e1n concursar y obtener un financiamiento que les permitir\u00e1 mejorar una serie de competencias, adem\u00e1s de recibir capacitaciones, y tener el apoyo constante de los profesionales de la instituci\u00f3n\u201d, agradeciendo de paso la confianza del Gobierno Regional para llevar adelante este proyecto, a trav\u00e9s de una importante inversi\u00f3n.<\/p>\n\n\n\n<div class=\"wp-block-image is-style-default\"><figure class=\"alignright size-large is-resized\"><img loading=\"lazy\" decoding=\"async\" src=\"https:\/\/www.semanariolocal.cl\/wp-content\/uploads\/2022\/05\/cocina-03-437x600.jpg\" alt=\"\" class=\"wp-image-5954\" width=\"337\" height=\"463\" srcset=\"https:\/\/www.semanariolocal.cl\/wp-content\/uploads\/2022\/05\/cocina-03-437x600.jpg 437w, https:\/\/www.semanariolocal.cl\/wp-content\/uploads\/2022\/05\/cocina-03-219x300.jpg 219w, https:\/\/www.semanariolocal.cl\/wp-content\/uploads\/2022\/05\/cocina-03-768x1054.jpg 768w, https:\/\/www.semanariolocal.cl\/wp-content\/uploads\/2022\/05\/cocina-03.jpg 963w\" sizes=\"auto, (max-width: 337px) 100vw, 337px\" \/><\/figure><\/div>\n\n\n\n<p>En total son $ 1.500.000.000 que van a beneficiar 120 mujeres seleccionadas de la regi\u00f3n de Los Lagos; 26 corresponden a la provincia de Palena, 20 a la provincia de Osorno, 44 de la provincia de Chilo\u00e9 y 30 de la provincia de Llanquihue. Adem\u00e1s, las beneficiadas podr\u00e1n acceder a una fuente de financiamiento de hasta $ 8.000.000, que les permitir\u00e1 formalizar sus negociones en distintas \u00e1reas.<\/p>\n\n\n\n<p>Mayores antecedentes en torno a la postulaci\u00f3n y las bases del programa se pueden encontrara en la web, www.centrouniversitario.org &nbsp;<\/p>\n","protected":false},"excerpt":{"rendered":"<p>La iniciativa, ejecutado por la Fundaci\u00f3n Centro Universitario para la Innovaci\u00f3n, con recursos provenientes del Gobierno Regional de Los Lagos, busca apoyar a 120 mujeres emprendedoras del sector en el \u00e1rea gastron\u00f3mica, que no est\u00e9n formalizadas, para que puedan establecer legalmente sus negocios y acceder a capacitaciones.<\/p>\n","protected":false},"author":1,"featured_media":5950,"comment_status":"closed","ping_status":"closed","sticky":false,"template":"","format":"standard","meta":{"footnotes":""},"categories":[9],"tags":[],"class_list":["post-5949","post","type-post","status-publish","format-standard","has-post-thumbnail","hentry","category-gobierno"],"_links":{"self":[{"href":"https:\/\/www.semanariolocal.cl\/index.php?rest_route=\/wp\/v2\/posts\/5949","targetHints":{"allow":["GET"]}}],"collection":[{"href":"https:\/\/www.semanariolocal.cl\/index.php?rest_route=\/wp\/v2\/posts"}],"about":[{"href":"https:\/\/www.semanariolocal.cl\/index.php?rest_route=\/wp\/v2\/types\/post"}],"author":[{"embeddable":true,"href":"https:\/\/www.semanariolocal.cl\/index.php?rest_route=\/wp\/v2\/users\/1"}],"replies":[{"embeddable":true,"href":"https:\/\/www.semanariolocal.cl\/index.php?rest_route=%2Fwp%2Fv2%2Fcomments&post=5949"}],"version-history":[{"count":4,"href":"https:\/\/www.semanariolocal.cl\/index.php?rest_route=\/wp\/v2\/posts\/5949\/revisions"}],"predecessor-version":[{"id":5958,"href":"https:\/\/www.semanariolocal.cl\/index.php?rest_route=\/wp\/v2\/posts\/5949\/revisions\/5958"}],"wp:featuredmedia":[{"embeddable":true,"href":"https:\/\/www.semanariolocal.cl\/index.php?rest_route=\/wp\/v2\/media\/5950"}],"wp:attachment":[{"href":"https:\/\/www.semanariolocal.cl\/index.php?rest_route=%2Fwp%2Fv2%2Fmedia&parent=5949"}],"wp:term":[{"taxonomy":"category","embeddable":true,"href":"https:\/\/www.semanariolocal.cl\/index.php?rest_route=%2Fwp%2Fv2%2Fcategories&post=5949"},{"taxonomy":"post_tag","embeddable":true,"href":"https:\/\/www.semanariolocal.cl\/index.php?rest_route=%2Fwp%2Fv2%2Ftags&post=5949"}],"curies":[{"name":"wp","href":"https:\/\/api.w.org\/{rel}","templated":true}]}}