{"id":5946,"date":"2022-05-12T13:13:26","date_gmt":"2022-05-12T17:13:26","guid":{"rendered":"https:\/\/www.semanariolocal.cl\/?p=5946"},"modified":"2022-05-12T13:13:27","modified_gmt":"2022-05-12T17:13:27","slug":"diputado-dc-hector-barria-integrara-comision-de-etica-de-camara-de-diputadas-y-diputados","status":"publish","type":"post","link":"https:\/\/www.semanariolocal.cl\/?p=5946","title":{"rendered":"Diputado (DC) H\u00e9ctor Barr\u00eda integrar\u00e1 Comisi\u00f3n de \u00c9tica de C\u00e1mara de Diputadas y Diputados"},"content":{"rendered":"\n<p>El diputado de la Democracia Cristiana, H\u00e9ctor Barr\u00eda, ser\u00e1 uno de los nueve parlamentarios que conformar\u00e1 la Comisi\u00f3n de \u00c9tica de la C\u00e1mara de Diputados y Diputadas, \u201cnombramiento que tomo con honor y desempe\u00f1ar\u00e9 conforme a las normas de transparencia y probidad\u201d.<br>Esta instancia parlamentaria tiene como fin revisar y sancionar las actuaciones de los legisladores que vulneren el reglamento en materias de principios de probidad, transparencia, acceso a la informaci\u00f3n p\u00fablica y a la \u00e9tica parlamentaria.<br>En tal sentido, el legislador DC se\u00f1al\u00f3 que \u201cme tocar\u00e1 hacer un poco de juez al integrar esta Comisi\u00f3n y velar para que la imagen que proyecte, tanto de forma como de fondo, la C\u00e1mara de Diputados sea cada d\u00eda mejor y nos acerque nuevamente a las personas, que la pol\u00edtica est\u00e9 cada d\u00eda m\u00e1s cercana a la gente y viceversa\u201d.<br>\u201cActuar\u00e9 acorde a las nuevas costumbres, incorporando la participaci\u00f3n ciudadana, que la gente sepa c\u00f3mo es el comportamiento, que no tiene que ver con\u00a0 la moral y buenas costumbres, sino con las normas de procedimiento, el respeto y la asistencia a las respectivas sesiones, el cumplimiento de los protocolos que conlleva asumir esta alta responsabilidad\u201d, agregando que \u201cagradezco esta oportunidad que me ha dado mi partido. Ejercer\u00e9 este cargo como lo hice cuando fui concejal y alcalde de la comuna de Purranque, donde lideramos con altos \u00edndices de transparencia y probidad\u201d.<\/p>\n","protected":false},"excerpt":{"rendered":"<p>\u201cEste nombramiento lo tomo con honor y desempe\u00f1ar\u00e9 conforme a las normas de transparencia y probidad\u201d, indic\u00f3 el parlamentario<\/p>\n","protected":false},"author":1,"featured_media":5947,"comment_status":"closed","ping_status":"closed","sticky":false,"template":"","format":"standard","meta":{"footnotes":""},"categories":[3,6],"tags":[],"class_list":["post-5946","post","type-post","status-publish","format-standard","has-post-thumbnail","hentry","category-al-dia","category-politica"],"_links":{"self":[{"href":"https:\/\/www.semanariolocal.cl\/index.php?rest_route=\/wp\/v2\/posts\/5946","targetHints":{"allow":["GET"]}}],"collection":[{"href":"https:\/\/www.semanariolocal.cl\/index.php?rest_route=\/wp\/v2\/posts"}],"about":[{"href":"https:\/\/www.semanariolocal.cl\/index.php?rest_route=\/wp\/v2\/types\/post"}],"author":[{"embeddable":true,"href":"https:\/\/www.semanariolocal.cl\/index.php?rest_route=\/wp\/v2\/users\/1"}],"replies":[{"embeddable":true,"href":"https:\/\/www.semanariolocal.cl\/index.php?rest_route=%2Fwp%2Fv2%2Fcomments&post=5946"}],"version-history":[{"count":1,"href":"https:\/\/www.semanariolocal.cl\/index.php?rest_route=\/wp\/v2\/posts\/5946\/revisions"}],"predecessor-version":[{"id":5948,"href":"https:\/\/www.semanariolocal.cl\/index.php?rest_route=\/wp\/v2\/posts\/5946\/revisions\/5948"}],"wp:featuredmedia":[{"embeddable":true,"href":"https:\/\/www.semanariolocal.cl\/index.php?rest_route=\/wp\/v2\/media\/5947"}],"wp:attachment":[{"href":"https:\/\/www.semanariolocal.cl\/index.php?rest_route=%2Fwp%2Fv2%2Fmedia&parent=5946"}],"wp:term":[{"taxonomy":"category","embeddable":true,"href":"https:\/\/www.semanariolocal.cl\/index.php?rest_route=%2Fwp%2Fv2%2Fcategories&post=5946"},{"taxonomy":"post_tag","embeddable":true,"href":"https:\/\/www.semanariolocal.cl\/index.php?rest_route=%2Fwp%2Fv2%2Ftags&post=5946"}],"curies":[{"name":"wp","href":"https:\/\/api.w.org\/{rel}","templated":true}]}}