{"id":5943,"date":"2022-05-12T13:06:02","date_gmt":"2022-05-12T17:06:02","guid":{"rendered":"https:\/\/www.semanariolocal.cl\/?p=5943"},"modified":"2022-05-12T13:06:03","modified_gmt":"2022-05-12T17:06:03","slug":"entra-en-vigencia-la-ley-lucas-riquelme-para-personas-electrodependiente","status":"publish","type":"post","link":"https:\/\/www.semanariolocal.cl\/?p=5943","title":{"rendered":"Entra en vigencia la Ley Lucas Riquelme para personas electrodependiente"},"content":{"rendered":"\n<p>El pasado lunes 9 de mayo, fue publicado en el&nbsp;<a href=\"https:\/\/www.diariooficial.interior.gob.cl\/publicaciones\/2022\/05\/09\/43248\/01\/2125162.pdf\" target=\"_blank\" rel=\"noreferrer noopener\">Diario Oficial<\/a>, el Decreto Supremo N\u00b065, de 2021, del Ministerio de Energ\u00eda, correspondiente al reglamento de la Ley N\u00b0 21.304 o Ley Lucas Riquelme. La importancia de dicha publicaci\u00f3n radica en que con ello entran finalmente en vigencia las disposiciones de la mencionada ley.&nbsp;<\/p>\n\n\n\n<p>La Ley Lucas Riquelme, aprobada por el parlamento el 12 de enero de 2021, incorpora el domicilio de los pacientes electrodependientes dentro del listado cuyo suministro no puede suspenderse en caso de que los servicios se encuentren impagos, adem\u00e1s de establecer una serie de obligaciones a las empresas concesionarias, cumplimientos que ser\u00e1n fiscalizados por la Superintendencia de Electricidad y Combustibles (SEC).&nbsp;&nbsp;<\/p>\n\n\n\n<p>El ministro Claudio Huepe, se refiri\u00f3 a la importancia de esta ley y de la publicaci\u00f3n de su correspondiente reglamento.&nbsp;<\/p>\n\n\n\n<p>\u201cEl gobierno del presidente Gabriel Boric tiene como una de sus prioridades en materia energ\u00e9tica enfrentar la vulnerabilidad. En ese marco la aprobaci\u00f3n de esta ley y la publicaci\u00f3n del reglamento que habilita su aplicaci\u00f3n permitir\u00e1 que las miles de familias que dependen de la electricidad para resguardar las vidas de sus seres queridos tengan la certeza de que contar\u00e1n con este suministro de forma ininterrumpida\u201d se\u00f1al\u00f3 la autoridad.&nbsp;<\/p>\n\n\n\n<p>La ley y el reglamento permitir\u00e1n que se regule el suministro de electricidad para personas electrodependientes, contemplando entre otras medidas la prohibici\u00f3n de corte de suministro por no pago, la obligaci\u00f3n de las concesionarias de llevar un registro de personas electrodependientes, adem\u00e1s dar soluciones eficaces y oportunas de restablecimiento del servicio a dichos pacientes.&nbsp;<\/p>\n\n\n\n<p>Junto con ello, se incluye el priorizar el restablecimiento del servicio en caso de corte, notificando previamente las interrupciones programadas. Tambi\u00e9n se considera la obligaci\u00f3n de descontar de las cuentas de luz, el consumo espec\u00edfico del dispositivo de uso m\u00e9dico al cual el paciente est\u00e1 conectado por medio del mecanismo de medici\u00f3n correspondiente.&nbsp;<\/p>\n\n\n\n<p>De acuerdo a la ley se consideran como personas electrodependientes a aquellas personas que para el tratamiento de la patolog\u00eda que padecen se encuentran en condici\u00f3n de hospitalizaci\u00f3n domiciliaria y necesitan permanecer conectadas f\u00edsicamente, de forma continua o transitoria a un dispositivo de uso m\u00e9dico que requieren suministro el\u00e9ctrico para su funcionamiento, para compensar le p\u00e9rdida de una funci\u00f3n fundamental del cuerpo y sin la cual estar\u00edan en riesgo vital o de secuela funcional severa grave.&nbsp;<\/p>\n","protected":false},"excerpt":{"rendered":"<p>Son cerca de 22 mil pacientes que se ver\u00e1n beneficiados con esta ley, que asegura el derecho a suministro el\u00e9ctrico ininterrumpido para personas que lo requieran para su sobrevivencia.<\/p>\n","protected":false},"author":1,"featured_media":5944,"comment_status":"closed","ping_status":"closed","sticky":false,"template":"","format":"standard","meta":{"footnotes":""},"categories":[3],"tags":[],"class_list":["post-5943","post","type-post","status-publish","format-standard","has-post-thumbnail","hentry","category-al-dia"],"_links":{"self":[{"href":"https:\/\/www.semanariolocal.cl\/index.php?rest_route=\/wp\/v2\/posts\/5943","targetHints":{"allow":["GET"]}}],"collection":[{"href":"https:\/\/www.semanariolocal.cl\/index.php?rest_route=\/wp\/v2\/posts"}],"about":[{"href":"https:\/\/www.semanariolocal.cl\/index.php?rest_route=\/wp\/v2\/types\/post"}],"author":[{"embeddable":true,"href":"https:\/\/www.semanariolocal.cl\/index.php?rest_route=\/wp\/v2\/users\/1"}],"replies":[{"embeddable":true,"href":"https:\/\/www.semanariolocal.cl\/index.php?rest_route=%2Fwp%2Fv2%2Fcomments&post=5943"}],"version-history":[{"count":1,"href":"https:\/\/www.semanariolocal.cl\/index.php?rest_route=\/wp\/v2\/posts\/5943\/revisions"}],"predecessor-version":[{"id":5945,"href":"https:\/\/www.semanariolocal.cl\/index.php?rest_route=\/wp\/v2\/posts\/5943\/revisions\/5945"}],"wp:featuredmedia":[{"embeddable":true,"href":"https:\/\/www.semanariolocal.cl\/index.php?rest_route=\/wp\/v2\/media\/5944"}],"wp:attachment":[{"href":"https:\/\/www.semanariolocal.cl\/index.php?rest_route=%2Fwp%2Fv2%2Fmedia&parent=5943"}],"wp:term":[{"taxonomy":"category","embeddable":true,"href":"https:\/\/www.semanariolocal.cl\/index.php?rest_route=%2Fwp%2Fv2%2Fcategories&post=5943"},{"taxonomy":"post_tag","embeddable":true,"href":"https:\/\/www.semanariolocal.cl\/index.php?rest_route=%2Fwp%2Fv2%2Ftags&post=5943"}],"curies":[{"name":"wp","href":"https:\/\/api.w.org\/{rel}","templated":true}]}}