{"id":5940,"date":"2022-05-12T12:56:48","date_gmt":"2022-05-12T16:56:48","guid":{"rendered":"https:\/\/www.semanariolocal.cl\/?p=5940"},"modified":"2022-05-12T12:56:49","modified_gmt":"2022-05-12T16:56:49","slug":"diputados-udi-cuestionan-suspension-de-evaluacion-docente","status":"publish","type":"post","link":"https:\/\/www.semanariolocal.cl\/?p=5940","title":{"rendered":"Diputados UDI cuestionan suspensi\u00f3n de evaluaci\u00f3n docente"},"content":{"rendered":"\n<p>Los diputados de la UDI, Juan Manuel Fuenzalida y Sergio Bobadilla, cuestionaron la decisi\u00f3n del Ministerio de Educaci\u00f3n respecto a suspender la evaluaci\u00f3n docente de este a\u00f1o, asegurando que la medida \u201ces una p\u00e9sima se\u00f1al\u201d y que \u201cno contribuye en lo absoluto a mejorar la educaci\u00f3n\u201d, por lo que anunciaron que probablemente rechazar\u00e1n el proyecto de ley que en los pr\u00f3ximos d\u00edas ingresar\u00e1 el Ejecutivo.&nbsp;<\/p>\n\n\n\n<p>Al respecto, los parlamentarios gremialistas se\u00f1alaron que es de \u201cvital importancia evaluar permanentemente a los profesores, reconociendo a quienes tienen un buen desempe\u00f1o y ayudando a quienes m\u00e1s lo necesitan\u201d, advirtiendo que si se aprueba la suspensi\u00f3n del proceso, \u201cestar\u00edamos a s\u00f3lo un paso de ni siquiera evaluar a los estudiantes en un futuro\u201d.&nbsp;<\/p>\n\n\n\n<p>\u201cCuesta entender que este Gobierno, cuyas principales autoridades se forjaron como importantes l\u00edderes estudiantiles, hoy est\u00e9n promoviendo un proyecto que atentar\u00e1 gravemente contra la educaci\u00f3n, s\u00f3lo para mantener conforme a un gremio, como el Colegio de Profesores, que nunca ha tenido la intenci\u00f3n de mejorar la educaci\u00f3n de nuestro pa\u00eds\u201d, cuestionaron los diputados UDI, argumentando que \u201cbasta con ver que estuvieron durante dos a\u00f1os oponi\u00e9ndose a la vuelta a clases para comprender que su verdadera intenci\u00f3n nunca han sido los alumnos\u201d.&nbsp;<\/p>\n\n\n\n<p>En esa l\u00ednea, Fuenzalida y Bobadilla insistieron en sus cr\u00edticas a la decisi\u00f3n del Gobierno, asegurando que \u201cnosotros como Bancada UDI podemos tener muchas diferencias y muy pocas expectativas respecto a lo que pueda hacer la actual administraci\u00f3n; sin embargo, si en algo confi\u00e1bamos que lo pod\u00edan hacer bien, era justamente en mejorar la educaci\u00f3n de nuestro pa\u00eds, pero al parecer est\u00e1bamos equivocados\u201d, agregando que \u201clos alumnos no pueden ser tratados como una moneda de cambio para dejar conforme al Colegio de Profesores\u201d.&nbsp;<\/p>\n\n\n\n<p>\u201cEs muy probable que como Bancada UDI no estaremos dispuestos a respaldar un proyecto que atentar\u00e1 gravemente contra la educaci\u00f3n y los alumnos de nuestro pa\u00eds. Si queremos avanzar en una educaci\u00f3n de mejor calidad, es indispensable contar con buenos profesores, porque ellos son una pieza clave en el sistema. Si quieren podemos discutir c\u00f3mo mejoramos los procesos de evaluaci\u00f3n, pero para llegar y suspenderlos, sobre todo despu\u00e9s de dos a\u00f1os de retroceso producto de la pandemia, no estaremos disponibles\u201d, concluyeron los diputados gremialistas.<\/p>\n","protected":false},"excerpt":{"rendered":"<p>Junto con anunciar que no respaldar\u00e1n el proyecto que ingresar\u00e1 el Gobierno, Fuenzalida y Bobadilla aseguraron que \u201clos alumnos no pueden ser tratados como una moneda de cambio para dejar conforme al Colegio de Profesores\u201d. <\/p>\n","protected":false},"author":1,"featured_media":5941,"comment_status":"closed","ping_status":"closed","sticky":false,"template":"","format":"standard","meta":{"footnotes":""},"categories":[3],"tags":[],"class_list":["post-5940","post","type-post","status-publish","format-standard","has-post-thumbnail","hentry","category-al-dia"],"_links":{"self":[{"href":"https:\/\/www.semanariolocal.cl\/index.php?rest_route=\/wp\/v2\/posts\/5940","targetHints":{"allow":["GET"]}}],"collection":[{"href":"https:\/\/www.semanariolocal.cl\/index.php?rest_route=\/wp\/v2\/posts"}],"about":[{"href":"https:\/\/www.semanariolocal.cl\/index.php?rest_route=\/wp\/v2\/types\/post"}],"author":[{"embeddable":true,"href":"https:\/\/www.semanariolocal.cl\/index.php?rest_route=\/wp\/v2\/users\/1"}],"replies":[{"embeddable":true,"href":"https:\/\/www.semanariolocal.cl\/index.php?rest_route=%2Fwp%2Fv2%2Fcomments&post=5940"}],"version-history":[{"count":1,"href":"https:\/\/www.semanariolocal.cl\/index.php?rest_route=\/wp\/v2\/posts\/5940\/revisions"}],"predecessor-version":[{"id":5942,"href":"https:\/\/www.semanariolocal.cl\/index.php?rest_route=\/wp\/v2\/posts\/5940\/revisions\/5942"}],"wp:featuredmedia":[{"embeddable":true,"href":"https:\/\/www.semanariolocal.cl\/index.php?rest_route=\/wp\/v2\/media\/5941"}],"wp:attachment":[{"href":"https:\/\/www.semanariolocal.cl\/index.php?rest_route=%2Fwp%2Fv2%2Fmedia&parent=5940"}],"wp:term":[{"taxonomy":"category","embeddable":true,"href":"https:\/\/www.semanariolocal.cl\/index.php?rest_route=%2Fwp%2Fv2%2Fcategories&post=5940"},{"taxonomy":"post_tag","embeddable":true,"href":"https:\/\/www.semanariolocal.cl\/index.php?rest_route=%2Fwp%2Fv2%2Ftags&post=5940"}],"curies":[{"name":"wp","href":"https:\/\/api.w.org\/{rel}","templated":true}]}}