{"id":5937,"date":"2022-05-12T12:52:40","date_gmt":"2022-05-12T16:52:40","guid":{"rendered":"https:\/\/www.semanariolocal.cl\/?p=5937"},"modified":"2022-05-12T12:52:41","modified_gmt":"2022-05-12T16:52:41","slug":"proyecto-busca-que-formalizados-por-violencia-en-pololeo-tambien-usen-tobilleras-electronicas","status":"publish","type":"post","link":"https:\/\/www.semanariolocal.cl\/?p=5937","title":{"rendered":"Proyecto busca que formalizados por violencia en pololeo tambi\u00e9n usen tobilleras electr\u00f3nicas"},"content":{"rendered":"\n<p>Un grupo transversal de parlamentarias, lideradas por la diputada Natalia Romero (Ind. pro UDI), presentaron un proyecto de ley que busca perfeccionar el actual sistema de monitoreo telem\u00e1tico, de manera que la violencia en el pololeo tambi\u00e9n sea considerada al momento de decretar el uso de tobilleras electr\u00f3nicas entre quienes sean formalizados por casos de Violencia Intrafamiliar (VIF).<\/p>\n\n\n\n<p>Al respecto, las representantes de la Regi\u00f3n de O\u2019Higgins, Marta Gonz\u00e1lez (Ind. pro PPD), Marcela Riquelme (Ind. pro CS) y Carla Morales (RN), adem\u00e1s de la presidenta de la comisi\u00f3n de Mujeres y Equidad de G\u00e9nero de la C\u00e1mara Baja, Carolina Tello (PC), advirtieron que la actual normativa s\u00f3lo restringe su uso cuando las v\u00edctimas hayan tenido la calidad de c\u00f3nyuge, una relaci\u00f3n de convivencia con su agresor o un hijo en com\u00fan, dejando fuera todos los casos de VIF que se producen en el pololeo.<\/p>\n\n\n\n<p>\u201cJunto a un grupo transversal de diputadas decidimos presentar este proyecto de ley, que tiene como finalidad incorporar el concepto del pololeo en el uso de tobilleras electr\u00f3nicas. Esta es una ley que ya est\u00e1 vigente, que deseamos que prontamente se ponga en marcha, y que esperamos que sea perfeccionada lo antes posible, sobre todo pensando que O\u2019Higgins se ha instalado como la regi\u00f3n con m\u00e1s VIF en el pa\u00eds\u201d, explic\u00f3 Natalia Romero, refiri\u00e9ndose a las \u00faltimas cifras de Carabineros, que ubicaron a Rancagua como una de las diez comunas del pa\u00eds con m\u00e1s casos de VIF.<\/p>\n\n\n\n<p>Por lo mismo, la diputada Marcela Riquelme acot\u00f3 que \u201che adherido a este proyecto porque estoy convencida de que una de las etapas cruciales en que se desarrolla la VIF, y que no ha sido cubierta por la ley de monitoreo telem\u00e1tico, es el pololeo\u201d, insistiendo en que \u201csi logramos erradicar desde un principio este tipo de nefastas acciones, tal vez podr\u00edamos cooperar a que la violencia intrafamiliar se reduzca, sobre todo cuando se produce contra las mujeres\u201d.<\/p>\n\n\n\n<p>En esa mismo l\u00ednea, la parlamentaria Marta Gonz\u00e1lez calific\u00f3 como \u201cmuy relevante e importante\u201d dicha iniciativa, agregando que \u201clamentablemente, hemos visto m\u00faltiples denuncias de violencia que, pese a las \u00f3rdenes de alejamiento, terminan en femicidio, lo que no podemos seguir permitiendo\u201d, insistiendo en que \u201cvamos a impulsar y apoyar todas las medidas que sean efectivas para la prevenci\u00f3n y que protejan a las mujeres, familias, ni\u00f1os y ni\u00f1as\u201d.<\/p>\n\n\n\n<p>Por \u00faltimo, junto con \u201cagradecer a la diputada Romero por hacerme parte de esta iniciativa\u201d, la diputada Morales reiter\u00f3 que \u201cnuestra Regi\u00f3n de O\u2019Higgins hoy tiene los \u00edndices m\u00e1s altos en materia de VIF, lo que significa que debemos preocuparnos y ocuparnos desde el \u00e1mbito legislativo, donde las v\u00edctimas de violencia hoy se encuentran desprotegidas por nuestra actual legislaci\u00f3n\u201d.<\/p>\n","protected":false},"excerpt":{"rendered":"<p>La iniciativa, cuya autora es la representante de O\u2019Higgins, Natalia Romero, tambi\u00e9n cuenta con el respaldo de las parlamentarias Marta Gonz\u00e1lez, Marcela Riquelme y Carla Morales, adem\u00e1s de la presidenta de la comisi\u00f3n de Mujeres y Equidad de G\u00e9nero, Carolina Tello.<\/p>\n","protected":false},"author":1,"featured_media":5938,"comment_status":"closed","ping_status":"closed","sticky":false,"template":"","format":"standard","meta":{"footnotes":""},"categories":[6],"tags":[],"class_list":["post-5937","post","type-post","status-publish","format-standard","has-post-thumbnail","hentry","category-politica"],"_links":{"self":[{"href":"https:\/\/www.semanariolocal.cl\/index.php?rest_route=\/wp\/v2\/posts\/5937","targetHints":{"allow":["GET"]}}],"collection":[{"href":"https:\/\/www.semanariolocal.cl\/index.php?rest_route=\/wp\/v2\/posts"}],"about":[{"href":"https:\/\/www.semanariolocal.cl\/index.php?rest_route=\/wp\/v2\/types\/post"}],"author":[{"embeddable":true,"href":"https:\/\/www.semanariolocal.cl\/index.php?rest_route=\/wp\/v2\/users\/1"}],"replies":[{"embeddable":true,"href":"https:\/\/www.semanariolocal.cl\/index.php?rest_route=%2Fwp%2Fv2%2Fcomments&post=5937"}],"version-history":[{"count":1,"href":"https:\/\/www.semanariolocal.cl\/index.php?rest_route=\/wp\/v2\/posts\/5937\/revisions"}],"predecessor-version":[{"id":5939,"href":"https:\/\/www.semanariolocal.cl\/index.php?rest_route=\/wp\/v2\/posts\/5937\/revisions\/5939"}],"wp:featuredmedia":[{"embeddable":true,"href":"https:\/\/www.semanariolocal.cl\/index.php?rest_route=\/wp\/v2\/media\/5938"}],"wp:attachment":[{"href":"https:\/\/www.semanariolocal.cl\/index.php?rest_route=%2Fwp%2Fv2%2Fmedia&parent=5937"}],"wp:term":[{"taxonomy":"category","embeddable":true,"href":"https:\/\/www.semanariolocal.cl\/index.php?rest_route=%2Fwp%2Fv2%2Fcategories&post=5937"},{"taxonomy":"post_tag","embeddable":true,"href":"https:\/\/www.semanariolocal.cl\/index.php?rest_route=%2Fwp%2Fv2%2Ftags&post=5937"}],"curies":[{"name":"wp","href":"https:\/\/api.w.org\/{rel}","templated":true}]}}