{"id":5927,"date":"2022-05-12T11:59:06","date_gmt":"2022-05-12T15:59:06","guid":{"rendered":"https:\/\/www.semanariolocal.cl\/?p=5927"},"modified":"2022-05-12T11:59:06","modified_gmt":"2022-05-12T15:59:06","slug":"diputado-presento-indicacion-para-impedir-expropiacion-de-pensiones-en-la-convencion","status":"publish","type":"post","link":"https:\/\/www.semanariolocal.cl\/?p=5927","title":{"rendered":"Diputado present\u00f3 indicaci\u00f3n para impedir expropiaci\u00f3n de pensiones en la Convenci\u00f3n\u00a0"},"content":{"rendered":"\n<p>El diputado del Partido Republicano Luis Fernando S\u00e1nchez present\u00f3 en las \u00faltimas horas una indicaci\u00f3n para que el proyecto de ley que protege los fondos de pensiones limite tambi\u00e9n a la propuesta que emanar\u00e1 de la Convenci\u00f3n Constitucional, esto con el fin de evitar de que en alg\u00fan momento estos montos, que pertenecen a cada uno de los chilenos, sean \u201cexpropiados por el Estado.&nbsp;&nbsp;&nbsp;&nbsp;&nbsp;<\/p>\n\n\n\n<p><strong><em>\u201cHoy d\u00eda el principal peligro para nuestros fondos de pensiones est\u00e1 en la Convenci\u00f3n Constitucional, por eso he presentado una indicaci\u00f3n, dentro de la Comisi\u00f3n de Constituci\u00f3n, al proyecto de ley que protege nuestros fondos de pensiones, para que esta norma tambi\u00e9n quede incorporada en el cap\u00edtulo 15 de la Constituci\u00f3n\u201d<\/em><\/strong><em>,<\/em>&nbsp;explic\u00f3 el parlamentario.<\/p>\n\n\n\n<p><strong>\u00bfQu\u00e9 significa esto?<\/strong><\/p>\n\n\n\n<p>El representante del Distrito 7 en la C\u00e1mara de Diputados, explico que, de dar luz verde a esta iniciativa, estos dineros tampoco podr\u00e1n ser tocados por la Conversi\u00f3n Constitucional.<\/p>\n\n\n\n<p><strong><em>\u201cEsto no es algo nuevo, dentro del Cap\u00edtulo 15, ya se establecen algunos l\u00edmites para la Convenci\u00f3n: los tratados internacionales, las sentencias judiciales, el car\u00e1cter de Chile de democracia. Ninguna de esas cosas puede ser tocadas por la Convenci\u00f3n y hoy d\u00eda solo pedimos que tambi\u00e9n se agregue dentro de ese cat\u00e1logo, el hecho de que nuestras pensiones no pueden ser robadas\u201d<\/em><\/strong>, indic\u00f3 el diputado S\u00e1nchez.<\/p>\n\n\n\n<p><strong><em>\u201cEs un m\u00ednimo democr\u00e1tico y Chile lo exige\u201d,<\/em><\/strong>&nbsp;enfatiz\u00f3 finalmente el diputado republicano.<\/p>\n","protected":false},"excerpt":{"rendered":"<p>El diputado del Partido Republicano Luis Fernando S\u00e1nchez present\u00f3 en las \u00faltimas horas una indicaci\u00f3n para que el proyecto de ley que protege los fondos de pensiones limite tambi\u00e9n a la propuesta que emanar\u00e1 de la Convenci\u00f3n Constitucional, esto con el fin de evitar de que en alg\u00fan momento estos montos, que pertenecen a cada&#8230;<a class=\"btnReadMore\" href=\"https:\/\/www.semanariolocal.cl\/?p=5927\"> Leer M\u00e1s<\/a><\/p>\n","protected":false},"author":1,"featured_media":5928,"comment_status":"closed","ping_status":"closed","sticky":false,"template":"","format":"standard","meta":{"footnotes":""},"categories":[3],"tags":[],"class_list":["post-5927","post","type-post","status-publish","format-standard","has-post-thumbnail","hentry","category-al-dia"],"_links":{"self":[{"href":"https:\/\/www.semanariolocal.cl\/index.php?rest_route=\/wp\/v2\/posts\/5927","targetHints":{"allow":["GET"]}}],"collection":[{"href":"https:\/\/www.semanariolocal.cl\/index.php?rest_route=\/wp\/v2\/posts"}],"about":[{"href":"https:\/\/www.semanariolocal.cl\/index.php?rest_route=\/wp\/v2\/types\/post"}],"author":[{"embeddable":true,"href":"https:\/\/www.semanariolocal.cl\/index.php?rest_route=\/wp\/v2\/users\/1"}],"replies":[{"embeddable":true,"href":"https:\/\/www.semanariolocal.cl\/index.php?rest_route=%2Fwp%2Fv2%2Fcomments&post=5927"}],"version-history":[{"count":1,"href":"https:\/\/www.semanariolocal.cl\/index.php?rest_route=\/wp\/v2\/posts\/5927\/revisions"}],"predecessor-version":[{"id":5929,"href":"https:\/\/www.semanariolocal.cl\/index.php?rest_route=\/wp\/v2\/posts\/5927\/revisions\/5929"}],"wp:featuredmedia":[{"embeddable":true,"href":"https:\/\/www.semanariolocal.cl\/index.php?rest_route=\/wp\/v2\/media\/5928"}],"wp:attachment":[{"href":"https:\/\/www.semanariolocal.cl\/index.php?rest_route=%2Fwp%2Fv2%2Fmedia&parent=5927"}],"wp:term":[{"taxonomy":"category","embeddable":true,"href":"https:\/\/www.semanariolocal.cl\/index.php?rest_route=%2Fwp%2Fv2%2Fcategories&post=5927"},{"taxonomy":"post_tag","embeddable":true,"href":"https:\/\/www.semanariolocal.cl\/index.php?rest_route=%2Fwp%2Fv2%2Ftags&post=5927"}],"curies":[{"name":"wp","href":"https:\/\/api.w.org\/{rel}","templated":true}]}}