{"id":5924,"date":"2022-05-11T11:39:00","date_gmt":"2022-05-11T15:39:00","guid":{"rendered":"https:\/\/www.semanariolocal.cl\/?p=5924"},"modified":"2022-05-11T23:41:42","modified_gmt":"2022-05-12T03:41:42","slug":"fedefruta-califica-esta-temporada-como-la-mas-compleja-de-los-ultimos-25-anos","status":"publish","type":"post","link":"https:\/\/www.semanariolocal.cl\/?p=5924","title":{"rendered":"Fedefruta califica esta temporada como \u201cla m\u00e1s compleja de los \u00faltimos 25 a\u00f1os\u201d"},"content":{"rendered":"\n<p>\u00abLas cuatro variables que siempre enfrentamos en cada campa\u00f1a frut\u00edcola son la sequ\u00eda y los eventos clim\u00e1ticos, la disponibilidad de trabajadores de temporada, manejo de plagas y enfermedades, y tipo de cambio\u201d, dijo el presidente de Fedefruta Jorge Valenzuela en la \u00faltima reuni\u00f3n que sostuvo con el ministro de Agricultura Esteban Valenzuela. \u201cPero este 2022 tuvimos un quinto imponderable, muy mayor, y ese fue la crisis log\u00edstica\u201d agreg\u00f3.<br><br>El representante de la fruticultura chilena coment\u00f3 a la autoridad que \u00ab\u00e9sta ha sido una de las temporadas m\u00e1s complejas de los \u00faltimos 25 a\u00f1os\u00bb, por la convulsi\u00f3n pand\u00e9mica y de la guerra en Ucrania para todo el funcionamiento de la log\u00edstica a nivel mundial.<br><br>\u00abEn lo interno, no hubo infraestructura portuaria disponible para embarcar la fruta a tiempo\u00bb, dijo el presidente del gremio, algo que Fedefruta anot\u00f3 en el fuerte de los env\u00edos de uva de mesa, reuni\u00e9ndose con los puertos para buscar alternativas. \u00abEs fundamental generar mesas de trabajo y llegar a acuerdos con las concesionarias para evitar este tipo de dificultades m\u00e1s adelante\u00bb, atendi\u00f3. \u00abB\u00e1sicamente solicitamos preferencia para el embarque de perecibles que entran y salen del pa\u00eds, tal como ocurre en otros pa\u00edses\u00bb.<\/p>\n\n\n\n<p><strong>Coyuntura global<\/strong><br><br>Las complicaciones fueron iguales o mayores en los destinos. En el caso del puerto de Filadelfia, donde llega una cantidad importante de uva de mesa chilena para Norteam\u00e9rica, la descarga de la fruta y trayecto tomaron hasta 45 d\u00edas, cuando por lo normal eran 20, tardanza que comprometi\u00f3 la condici\u00f3n y la venta de 25 de 75 millones de cajas de uva de mesa, seg\u00fan el gremio.<br><br>\u00abLa mitad de los env\u00edos de ar\u00e1ndano tuvo un problema similar, con efectos importantes para los productores de esta fruta, lo que es muy sensible ya que el 85% de los arandaneros son peque\u00f1os y mediados agricultores\u00bb, enfatiz\u00f3 Jorge Valenzuela una vez terminada la cita.<br><br>Sobre el alza en costos de flete y otros insumos, Fedefruta coment\u00f3 que el rubro de la manzana se ha visto muy comprometido por estos motivos, dado que los m\u00e1rgenes de rentabilidad son mucho m\u00e1s estrechos para esta esta especie tradicional de la fruticultura chilena. \u00abHubo manzaneros que prefirieron simplemente no cosechar esta temporada\u00bb, manifest\u00f3 al ministro Valenzuela.<br><br>Pese a toda esta problem\u00e1tica, el presidente de la Federaci\u00f3n dijo que la fruta ha sido de buena calidad esta temporada, \u00aby que la que alcanz\u00f3 a llegar a tiempo antes de todo el colapso, le fue muy bien\u201d, como a la cereza previo al A\u00f1o Nuevo Chino. \u201cComo productores tenemos la experiencia, el conocimiento, y los consumidores que demandan, pero toda esta convulsi\u00f3n log\u00edstica y pand\u00e9mica complic\u00f3 demasiado el panorama\u00bb, concluy\u00f3.<br><br>Por \u00faltimo, \u00abnos unimos al llamado de toda la industria a nivel mundial, a que los alimentos perecibles y la fruta fresca sean considerados bienes estrat\u00e9gicos y tengan as\u00ed prioridad en los momentos claves para el abastecimiento\u00bb.<\/p>\n","protected":false},"excerpt":{"rendered":"<p>Las dificultades en las exportaciones de uva de mesa, ar\u00e1ndanos y manzana al Hemisferio Norte, fueron uno de los temas tratados por Fedefruta con el ministro de Agricultura, Esteban Valenzuela. \u00abEs fundamental generar mesas de trabajo y llegar a acuerdos con las concesionarias para evitar este tipo de dificultades m\u00e1s adelante\u00bb, indic\u00f3 el representante de los fruteros, Jorge Valenzuela.  \u00abNos unimos al llamado a que los alimentos perecibles y la fruta fresca sean considerados bienes estrat\u00e9gicos y tengan as\u00ed prioridad en los momentos claves para el abastecimiento\u00bb.<\/p>\n","protected":false},"author":1,"featured_media":5925,"comment_status":"closed","ping_status":"closed","sticky":false,"template":"","format":"standard","meta":{"footnotes":""},"categories":[20],"tags":[],"class_list":["post-5924","post","type-post","status-publish","format-standard","has-post-thumbnail","hentry","category-agro"],"_links":{"self":[{"href":"https:\/\/www.semanariolocal.cl\/index.php?rest_route=\/wp\/v2\/posts\/5924","targetHints":{"allow":["GET"]}}],"collection":[{"href":"https:\/\/www.semanariolocal.cl\/index.php?rest_route=\/wp\/v2\/posts"}],"about":[{"href":"https:\/\/www.semanariolocal.cl\/index.php?rest_route=\/wp\/v2\/types\/post"}],"author":[{"embeddable":true,"href":"https:\/\/www.semanariolocal.cl\/index.php?rest_route=\/wp\/v2\/users\/1"}],"replies":[{"embeddable":true,"href":"https:\/\/www.semanariolocal.cl\/index.php?rest_route=%2Fwp%2Fv2%2Fcomments&post=5924"}],"version-history":[{"count":1,"href":"https:\/\/www.semanariolocal.cl\/index.php?rest_route=\/wp\/v2\/posts\/5924\/revisions"}],"predecessor-version":[{"id":5926,"href":"https:\/\/www.semanariolocal.cl\/index.php?rest_route=\/wp\/v2\/posts\/5924\/revisions\/5926"}],"wp:featuredmedia":[{"embeddable":true,"href":"https:\/\/www.semanariolocal.cl\/index.php?rest_route=\/wp\/v2\/media\/5925"}],"wp:attachment":[{"href":"https:\/\/www.semanariolocal.cl\/index.php?rest_route=%2Fwp%2Fv2%2Fmedia&parent=5924"}],"wp:term":[{"taxonomy":"category","embeddable":true,"href":"https:\/\/www.semanariolocal.cl\/index.php?rest_route=%2Fwp%2Fv2%2Fcategories&post=5924"},{"taxonomy":"post_tag","embeddable":true,"href":"https:\/\/www.semanariolocal.cl\/index.php?rest_route=%2Fwp%2Fv2%2Ftags&post=5924"}],"curies":[{"name":"wp","href":"https:\/\/api.w.org\/{rel}","templated":true}]}}