{"id":5915,"date":"2022-05-11T13:13:56","date_gmt":"2022-05-11T17:13:56","guid":{"rendered":"https:\/\/www.semanariolocal.cl\/?p=5915"},"modified":"2022-05-11T13:13:56","modified_gmt":"2022-05-11T17:13:56","slug":"senador-espinoza-impulsa-proyecto-para-agilizar-busqueda-de-personas-desaparecidas","status":"publish","type":"post","link":"https:\/\/www.semanariolocal.cl\/?p=5915","title":{"rendered":"Senador Espinoza impulsa proyecto  para agilizar b\u00fasqueda de personas desaparecidas"},"content":{"rendered":"\n<p>Pleno respaldo, entreg\u00f3 el Senador el partido Socialista Fidel Espinoza, al proyecto de ley que impulsa el Gobierno sobre la creaci\u00f3n de un Sistema Inform\u00e1tico Interconectado de b\u00fasqueda de personas desaparecidas, que simplifica el procedimiento para operar en estos casos y brinda mayores herramientas para encontrar a personas extraviadas.<\/p>\n\n\n\n<p>Esta norma pretende establecer un marco legal integral de b\u00fasqueda de personas extraviadas y desaparecidas que permita superar las falencias existentes y as\u00ed agilizar los tiempos de respuesta.<\/p>\n\n\n\n<p>Entre los aspectos principales, se encuentra la creaci\u00f3n de un sistema inform\u00e1tico que pueda centralizar, organizar e interoperar, a nivel nacional, la informaci\u00f3n relativa a personas desaparecidas; la obligatoriedad de la recepci\u00f3n de la denuncia y su comunicaci\u00f3n inmediata al Ministerio P\u00fablico, y la eliminaci\u00f3n de la exigencia del transcurso de un tiempo m\u00ednimo desde las \u00faltimas noticias de la persona desaparecida, entre otros aspectos.<\/p>\n\n\n\n<p>El parlamentario, se\u00f1al\u00f3 que \u201ces de vital importancia dar curso a esta norma r\u00e1pidamente, ya que son cientos las personas que hoy requieren saber el paradero de sus seres queridos\u201d.<\/p>\n\n\n\n<p>\u201cTodos los expertos en seguridad afirman que las primeras 24 horas son claves, a la hora de ubicar a quien se encuentra desparecido de ah\u00ed la importancia de esta ley, la que debe contar con un protocolo uniforme, simple, y \u00e1gil\u201d. \u201cConsiderando adem\u00e1s la perspectiva de g\u00e9nero, sobre todo en casos que tengan relaci\u00f3n violencia y eventuales femicidios, los que lamentablemente en Chile a\u00fan son materias que no se han podido resolver\u201d, puntualiz\u00f3 el Senador.<\/p>\n\n\n\n<p>\u201cEs necesario, incorporar mayor tecnolog\u00eda, acceso a redes, registros audiovisuales e incluso informaci\u00f3n de concesionarias a la hora de ubicar a una persona extraviada y tener mayores posibilidades de encontrarla con vida.\u201d:<\/p>\n\n\n\n<p>Espinoza, record\u00f3 en su alocuci\u00f3n en la c\u00e1mara, cuatro desapariciones en la Regi\u00f3n de Los Lagos, cuyos cuerpos jam\u00e1s han aparecido, se\u00f1alando que si hubiese existido esta normativa, se podr\u00eda haber actuado m\u00e1s diligentemente en estos casos.<\/p>\n\n\n\n<p>\u201cEl caso del joven Mapuche Jos\u00e9 Huenante, y el emblem\u00e1tico suceso de mujeres y trabajadores extraviadas , Mariela Barra y Claudia Ag\u00fcero; adem\u00e1s del profesor de Fresia Ricardo Mar\u00edn, cuyo rastro desapareci\u00f3 hace 10 a\u00f1os, mientras su madre muri\u00f3 luchando para encontrarlo\u201d.<\/p>\n","protected":false},"excerpt":{"rendered":"<p>El senador Socialista destac\u00f3 la medida que simplifica y agiliza la b\u00fasqueda dentro de las  primeras 24 horas posteriores a la desaparici\u00f3n , las que son claves para obtener resultados <\/p>\n","protected":false},"author":1,"featured_media":5916,"comment_status":"closed","ping_status":"closed","sticky":false,"template":"","format":"standard","meta":{"footnotes":""},"categories":[6],"tags":[],"class_list":["post-5915","post","type-post","status-publish","format-standard","has-post-thumbnail","hentry","category-politica"],"_links":{"self":[{"href":"https:\/\/www.semanariolocal.cl\/index.php?rest_route=\/wp\/v2\/posts\/5915","targetHints":{"allow":["GET"]}}],"collection":[{"href":"https:\/\/www.semanariolocal.cl\/index.php?rest_route=\/wp\/v2\/posts"}],"about":[{"href":"https:\/\/www.semanariolocal.cl\/index.php?rest_route=\/wp\/v2\/types\/post"}],"author":[{"embeddable":true,"href":"https:\/\/www.semanariolocal.cl\/index.php?rest_route=\/wp\/v2\/users\/1"}],"replies":[{"embeddable":true,"href":"https:\/\/www.semanariolocal.cl\/index.php?rest_route=%2Fwp%2Fv2%2Fcomments&post=5915"}],"version-history":[{"count":1,"href":"https:\/\/www.semanariolocal.cl\/index.php?rest_route=\/wp\/v2\/posts\/5915\/revisions"}],"predecessor-version":[{"id":5917,"href":"https:\/\/www.semanariolocal.cl\/index.php?rest_route=\/wp\/v2\/posts\/5915\/revisions\/5917"}],"wp:featuredmedia":[{"embeddable":true,"href":"https:\/\/www.semanariolocal.cl\/index.php?rest_route=\/wp\/v2\/media\/5916"}],"wp:attachment":[{"href":"https:\/\/www.semanariolocal.cl\/index.php?rest_route=%2Fwp%2Fv2%2Fmedia&parent=5915"}],"wp:term":[{"taxonomy":"category","embeddable":true,"href":"https:\/\/www.semanariolocal.cl\/index.php?rest_route=%2Fwp%2Fv2%2Fcategories&post=5915"},{"taxonomy":"post_tag","embeddable":true,"href":"https:\/\/www.semanariolocal.cl\/index.php?rest_route=%2Fwp%2Fv2%2Ftags&post=5915"}],"curies":[{"name":"wp","href":"https:\/\/api.w.org\/{rel}","templated":true}]}}