{"id":5909,"date":"2022-05-11T12:33:19","date_gmt":"2022-05-11T16:33:19","guid":{"rendered":"https:\/\/www.semanariolocal.cl\/?p=5909"},"modified":"2022-05-11T12:33:20","modified_gmt":"2022-05-11T16:33:20","slug":"proyecto-busca-que-agresiones-a-carabineros-sean-consideradas-como-violaciones-a-sus-dd-hh","status":"publish","type":"post","link":"https:\/\/www.semanariolocal.cl\/?p=5909","title":{"rendered":"Proyecto busca que agresiones a carabineros sean consideradas como violaciones a sus DD.HH"},"content":{"rendered":"\n<p>A ra\u00edz de la querella criminal que anunci\u00f3 el Instituto Nacional de Derechos Humanos (INDH) en contra de Carabineros en el marco de los des\u00f3rdenes p\u00fablicos ocurridos en octubre de 2019, el jefe de la Bancada UDI, Jorge Alessandri, junto al diputado Cristi\u00e1n Labb\u00e9, anunciaron que presentar\u00e1n un proyecto de ley para establecer que los ataques y agresiones a los funcionarios policiales tambi\u00e9n sean consideradas como violaciones a los Derechos Humanos (DD.HH).<\/p>\n\n\n\n<p>Al respecto, los parlamentarios gremialistas aseguraron que existen una serie de argumentos jur\u00eddicos para fundar dicha iniciativa -como la propia Constituci\u00f3n Pol\u00edtica, el Informe Rettig y un an\u00e1lisis de la Biblioteca del Congreso Nacional-, donde se ha establecido que las violaciones a los DD.HH. no s\u00f3lo pueden ser cometidas por agentes del Estado, sino que tambi\u00e9n por personas o grupos particulares que act\u00faen por motivaciones pol\u00edticas.<\/p>\n\n\n\n<p>\u201cLa actual Constituci\u00f3n Pol\u00edtica, que sigue vigente aunque muchos la desconozcan, establece en su art\u00edculo 9 que el terrorismo, en cualquiera de sus formas, es por esencia contrario a los DD.HH. Mientras que el Informe Rettig, defini\u00f3 claramente que tambi\u00e9n son responsables de violaciones a los DD.HH. los particulares que act\u00faan bajo pretextos pol\u00edticos, que es justamente lo que ha estado ocurrido a partir de las protestas de 2019 y desde hace d\u00e9cadas en la Macrozona Sur\u201d, se\u00f1alaron los diputados UDI.<\/p>\n\n\n\n<p>Por lo mismo, Alessandri y Labb\u00e9 agregaron que \u201cdecidimos presentar este proyecto de ley porque estamos absolutamente seguros de que las agresiones y ataques a los funcionarios policiales -e incluso los homicidios- s\u00ed constituyen violaciones a sus derechos humanos, sobre todo cuando detr\u00e1s de estos actos subyacen motivaciones pol\u00edticas, como lo hemos visto en el \u00faltimo tiempo\u201d.<\/p>\n\n\n\n<p>En ese sentido, los parlamentarios gremialistas hicieron referencia a un informe de la Biblioteca del Congreso Nacional, que se\u00f1ala que el Estado \u201cpodr\u00eda ser responsable por los efectos de la conducta de particulares\u201d, por lo que insistieron en que \u201cexisten suficientes antecedentes para establecer que los funcionarios policiales, por m\u00e1s que sean agentes del Estado, tambi\u00e9n pueden ser v\u00edctimas de violaciones a sus DD.HH\u201d.<\/p>\n","protected":false},"excerpt":{"rendered":"<p>Jorge Alessandri y Cristi\u00e1n Labb\u00e9 aseguraron que existen \u201csuficientes antecedentes\u201d para establecer que los ataques a los funcionarios pueden constituir violaciones a sus derechos humanos. <\/p>\n","protected":false},"author":1,"featured_media":5910,"comment_status":"closed","ping_status":"closed","sticky":false,"template":"","format":"standard","meta":{"footnotes":""},"categories":[3,6],"tags":[],"class_list":["post-5909","post","type-post","status-publish","format-standard","has-post-thumbnail","hentry","category-al-dia","category-politica"],"_links":{"self":[{"href":"https:\/\/www.semanariolocal.cl\/index.php?rest_route=\/wp\/v2\/posts\/5909","targetHints":{"allow":["GET"]}}],"collection":[{"href":"https:\/\/www.semanariolocal.cl\/index.php?rest_route=\/wp\/v2\/posts"}],"about":[{"href":"https:\/\/www.semanariolocal.cl\/index.php?rest_route=\/wp\/v2\/types\/post"}],"author":[{"embeddable":true,"href":"https:\/\/www.semanariolocal.cl\/index.php?rest_route=\/wp\/v2\/users\/1"}],"replies":[{"embeddable":true,"href":"https:\/\/www.semanariolocal.cl\/index.php?rest_route=%2Fwp%2Fv2%2Fcomments&post=5909"}],"version-history":[{"count":1,"href":"https:\/\/www.semanariolocal.cl\/index.php?rest_route=\/wp\/v2\/posts\/5909\/revisions"}],"predecessor-version":[{"id":5911,"href":"https:\/\/www.semanariolocal.cl\/index.php?rest_route=\/wp\/v2\/posts\/5909\/revisions\/5911"}],"wp:featuredmedia":[{"embeddable":true,"href":"https:\/\/www.semanariolocal.cl\/index.php?rest_route=\/wp\/v2\/media\/5910"}],"wp:attachment":[{"href":"https:\/\/www.semanariolocal.cl\/index.php?rest_route=%2Fwp%2Fv2%2Fmedia&parent=5909"}],"wp:term":[{"taxonomy":"category","embeddable":true,"href":"https:\/\/www.semanariolocal.cl\/index.php?rest_route=%2Fwp%2Fv2%2Fcategories&post=5909"},{"taxonomy":"post_tag","embeddable":true,"href":"https:\/\/www.semanariolocal.cl\/index.php?rest_route=%2Fwp%2Fv2%2Ftags&post=5909"}],"curies":[{"name":"wp","href":"https:\/\/api.w.org\/{rel}","templated":true}]}}