{"id":5906,"date":"2022-05-11T12:28:59","date_gmt":"2022-05-11T16:28:59","guid":{"rendered":"https:\/\/www.semanariolocal.cl\/?p=5906"},"modified":"2022-05-11T12:29:00","modified_gmt":"2022-05-11T16:29:00","slug":"directorio-de-enap-debe-aclarar-alarma-de-desabastecimiento-de-combustibles","status":"publish","type":"post","link":"https:\/\/www.semanariolocal.cl\/?p=5906","title":{"rendered":"Directorio de ENAP debe aclarar \u00abalarma de desabastecimiento de combustibles\u00bb"},"content":{"rendered":"\n<p>El senador Socialista  Juan Luis Castro present\u00f3 un oficio en la Contralor\u00eda General de la Rep\u00fablica, donde solicita una investigaci\u00f3n para aclarar la responsabilidad del Directorio de ENAP, presidido por Jos\u00e9 Luis Mardones, en la \u00abalarma de desabastecimiento de combustible\u00bb, del pasado 6 de mayo, en el marco de la toma\u00a0de trabajadores contratistas asociados a Fenatrasub,\u00a0en la refiner\u00eda Biob\u00edo y del\u00a0Terminal Mar\u00edtimo San Vicente.<br>El parlamentario que integra la Comisi\u00f3n de Miner\u00eda y Energ\u00eda, del Senado, inform\u00f3 que el lunes pasado esperaban que los m\u00e1ximos ejecutivos de ENAP concurrieran a la sesi\u00f3n extraordinaria de la citada comisi\u00f3n, para responder las preguntas de los legisladores y as\u00ed aclarar una serie de dudas respecto a la legitimidad de la comunicaci\u00f3n emanada del directorio de la empresa. Sin embargo, advierte que estos no concurrieron y quienes all\u00ed los representaron no despejaron las dudas de los legisladores.<br>El senador Castro se\u00f1al\u00f3 que \u00abhan transcurrido varios d\u00edas desde la alarma p\u00fablica provocada por el comunicado del directorio de ENAP, en el que anuncian que paralizar\u00e1n la distribuci\u00f3n de combustibles. Sin embargo, en la sesi\u00f3n de la Comisi\u00f3n de Miner\u00eda y Energ\u00eda, no se corrobor\u00f3 ni se explic\u00f3 el fundamento de dicha medida. Incluso, hasta el d\u00eda de hoy, no hay quien de la cara en ENAP para dar las explicaciones correspondientes\u00bb.<br>\u00abEs por ello\u00bb, subraya, \u00abque he resuelto solicitar formalmente a la Contralor\u00eda, una investigaci\u00f3n profunda que determine la responsabilidad del Directorio de ENAP, porque pocas veces en el pa\u00eds se ha visto un anuncio con tales efectos devastadores, con largas filas de automovilistas en las bencineras, producto de un comunicado de la Empresa de ENAP que gener\u00f3 el p\u00e1nico en la poblaci\u00f3n\u00bb. A su juicio, \u00abesto es muy delicado, porque una empresa del Estado, como ENAP, tiene que responderle a todos\u00a0los chilenos y chilenas\u00bb, concluy\u00f3 el senador Juan Luis Castro.<\/p>\n","protected":false},"excerpt":{"rendered":"<p>El parlamentario afirm\u00f3 que han transcurrido varios d\u00edas desde la alarma p\u00fablica provocada por el comunicado del directorio de la empresa, en el que anuncian que paralizar\u00e1n la distribuci\u00f3n de combustibles y, \u00abhasta el d\u00eda de hoy, no hay quien de la cara en ENAP para dar las explicaciones correspondientes\u00bb.<\/p>\n","protected":false},"author":1,"featured_media":5907,"comment_status":"closed","ping_status":"closed","sticky":false,"template":"","format":"standard","meta":{"footnotes":""},"categories":[3],"tags":[],"class_list":["post-5906","post","type-post","status-publish","format-standard","has-post-thumbnail","hentry","category-al-dia"],"_links":{"self":[{"href":"https:\/\/www.semanariolocal.cl\/index.php?rest_route=\/wp\/v2\/posts\/5906","targetHints":{"allow":["GET"]}}],"collection":[{"href":"https:\/\/www.semanariolocal.cl\/index.php?rest_route=\/wp\/v2\/posts"}],"about":[{"href":"https:\/\/www.semanariolocal.cl\/index.php?rest_route=\/wp\/v2\/types\/post"}],"author":[{"embeddable":true,"href":"https:\/\/www.semanariolocal.cl\/index.php?rest_route=\/wp\/v2\/users\/1"}],"replies":[{"embeddable":true,"href":"https:\/\/www.semanariolocal.cl\/index.php?rest_route=%2Fwp%2Fv2%2Fcomments&post=5906"}],"version-history":[{"count":1,"href":"https:\/\/www.semanariolocal.cl\/index.php?rest_route=\/wp\/v2\/posts\/5906\/revisions"}],"predecessor-version":[{"id":5908,"href":"https:\/\/www.semanariolocal.cl\/index.php?rest_route=\/wp\/v2\/posts\/5906\/revisions\/5908"}],"wp:featuredmedia":[{"embeddable":true,"href":"https:\/\/www.semanariolocal.cl\/index.php?rest_route=\/wp\/v2\/media\/5907"}],"wp:attachment":[{"href":"https:\/\/www.semanariolocal.cl\/index.php?rest_route=%2Fwp%2Fv2%2Fmedia&parent=5906"}],"wp:term":[{"taxonomy":"category","embeddable":true,"href":"https:\/\/www.semanariolocal.cl\/index.php?rest_route=%2Fwp%2Fv2%2Fcategories&post=5906"},{"taxonomy":"post_tag","embeddable":true,"href":"https:\/\/www.semanariolocal.cl\/index.php?rest_route=%2Fwp%2Fv2%2Ftags&post=5906"}],"curies":[{"name":"wp","href":"https:\/\/api.w.org\/{rel}","templated":true}]}}