{"id":5902,"date":"2022-05-09T10:54:00","date_gmt":"2022-05-09T14:54:00","guid":{"rendered":"https:\/\/www.semanariolocal.cl\/?p=5902"},"modified":"2022-05-10T22:56:18","modified_gmt":"2022-05-11T02:56:18","slug":"capacitan-a-facilitadores-comunitarios-en-prevencion-del-suicidio-en-osorno","status":"publish","type":"post","link":"https:\/\/www.semanariolocal.cl\/?p=5902","title":{"rendered":"Capacitan a facilitadores comunitarios en prevenci\u00f3n del suicidio en Osorno"},"content":{"rendered":"\n<p>Bajo la consigna \u201cprevenir es de todos\u201d, el Servicio de Salud Osorno (SSO), a trav\u00e9s de su Departamento de Salud Mental, organiz\u00f3 recientemente una capacitaci\u00f3n en doble jornada (23 y 30 de abril), cuyo objetivo es la formaci\u00f3n de facilitadores comunitarios en prevenci\u00f3n del suicidio. &nbsp;<\/p>\n\n\n\n<p>Con la colaboraci\u00f3n del Centro de Salud Mental Comunitaria (COSAM) Oriente, la actividad se realiz\u00f3 en dependencias municipales y estuvo dirigida a miembros de la agrupaci\u00f3n El Futuro en mis Manos, as\u00ed como de la escuela Carlos Condell de Osorno, quienes mostraron su inter\u00e9s en esta tem\u00e1tica, al realizar intervenciones con mensajes motivacionales en la ciudad.<\/p>\n\n\n\n<p>El prop\u00f3sito de los equipos profesionales del SSO y COSAM Oriente, fue entregar conocimientos sobre depresi\u00f3n, conductas suicidas y c\u00f3mo apoyar a personas que est\u00e9n pasando por un momento dif\u00edcil, brindando -adem\u00e1s- conocimientos pr\u00e1cticos para abordar estas situaciones. La capacitaci\u00f3n culmin\u00f3 con la entrega de certificados a las y los participantes.<\/p>\n\n\n\n<p>Al respecto, la Jefa del Departamento de Salud Mental del SSO, Marcela Villagr\u00e1n, explic\u00f3 que \u201cdesde hace un tiempo est\u00e1bamos siendo testigos del inter\u00e9s de algunas organizaciones comunitarias en torno al tema, tomamos contacto con la agrupaci\u00f3n El Futuro en mis Manos en un primer momento y con ellos empezamos a planificar un trabajo de formaci\u00f3n de facilitadores comunitarios en prevenci\u00f3n de suicidio, para aportar al trabajo que est\u00e1n realizando a trav\u00e9s de ofrecer contenci\u00f3n por medios telef\u00f3nicos\u201d.<\/p>\n\n\n\n<p>En ese aspecto, la profesional detall\u00f3 que \u201cposteriormente aparece el inter\u00e9s tambi\u00e9n de una escuela de la comuna de Osorno, en una iniciativa bastante similar, que con alumnos desarrollan una estrategia parecida, tomamos contactos con ambos y logramos concretar la formaci\u00f3n en facilitadores comunitarios en esta prevenci\u00f3n, entendiendo que esta es una actividad que involucra a toda la comunidad, no s\u00f3lo a los equipos cl\u00ednicos de Atenci\u00f3n Primaria y Especialidad, sino que todos podemos aportar y en el fondo confirmar lo que siempre hemos dicho, que la prevenci\u00f3n es de todos\u201d.<\/p>\n\n\n\n<p>En relaci\u00f3n a estas primeras jornadas, la entendida coment\u00f3 que \u201cfue una muy buena evaluaci\u00f3n, tanto por los asistentes como por los profesionales que la realizaron, estamos muy contentos y ellos tambi\u00e9n manifestaron haber cumplido las expectativas que ten\u00edan al ser invitados, y claro, dejamos abierta la puerta para que otras agrupaciones que quieran trabajar en la misma tem\u00e1tica, puedan acudir a nosotros y poder replicar esta actividad\u201d. &nbsp;&nbsp;&nbsp;&nbsp;&nbsp;&nbsp;<\/p>\n\n\n\n<p>Para aquellas agrupaciones o instituciones que quieran formarse en esta tem\u00e1tica, se dispone el siguiente correo electr\u00f3nico de un profesional del Departamento de Salud Mental del SSO:&nbsp;<a href=\"mailto:angelo.palma@redsalud.gob.cl\" target=\"_blank\" rel=\"noreferrer noopener\">angelo.palma@redsalud.gob.cl<\/a>.&nbsp;<\/p>\n","protected":false},"excerpt":{"rendered":"<p>\u201cPrevenir es de todos\u201d se denomina la actividad del Departamento de Salud Mental del Servicio de Salud.  <\/p>\n","protected":false},"author":1,"featured_media":5903,"comment_status":"closed","ping_status":"closed","sticky":false,"template":"","format":"standard","meta":{"footnotes":""},"categories":[3],"tags":[],"class_list":["post-5902","post","type-post","status-publish","format-standard","has-post-thumbnail","hentry","category-al-dia"],"_links":{"self":[{"href":"https:\/\/www.semanariolocal.cl\/index.php?rest_route=\/wp\/v2\/posts\/5902","targetHints":{"allow":["GET"]}}],"collection":[{"href":"https:\/\/www.semanariolocal.cl\/index.php?rest_route=\/wp\/v2\/posts"}],"about":[{"href":"https:\/\/www.semanariolocal.cl\/index.php?rest_route=\/wp\/v2\/types\/post"}],"author":[{"embeddable":true,"href":"https:\/\/www.semanariolocal.cl\/index.php?rest_route=\/wp\/v2\/users\/1"}],"replies":[{"embeddable":true,"href":"https:\/\/www.semanariolocal.cl\/index.php?rest_route=%2Fwp%2Fv2%2Fcomments&post=5902"}],"version-history":[{"count":1,"href":"https:\/\/www.semanariolocal.cl\/index.php?rest_route=\/wp\/v2\/posts\/5902\/revisions"}],"predecessor-version":[{"id":5904,"href":"https:\/\/www.semanariolocal.cl\/index.php?rest_route=\/wp\/v2\/posts\/5902\/revisions\/5904"}],"wp:featuredmedia":[{"embeddable":true,"href":"https:\/\/www.semanariolocal.cl\/index.php?rest_route=\/wp\/v2\/media\/5903"}],"wp:attachment":[{"href":"https:\/\/www.semanariolocal.cl\/index.php?rest_route=%2Fwp%2Fv2%2Fmedia&parent=5902"}],"wp:term":[{"taxonomy":"category","embeddable":true,"href":"https:\/\/www.semanariolocal.cl\/index.php?rest_route=%2Fwp%2Fv2%2Fcategories&post=5902"},{"taxonomy":"post_tag","embeddable":true,"href":"https:\/\/www.semanariolocal.cl\/index.php?rest_route=%2Fwp%2Fv2%2Ftags&post=5902"}],"curies":[{"name":"wp","href":"https:\/\/api.w.org\/{rel}","templated":true}]}}