{"id":5899,"date":"2022-05-09T22:51:00","date_gmt":"2022-05-10T02:51:00","guid":{"rendered":"https:\/\/www.semanariolocal.cl\/?p=5899"},"modified":"2022-05-10T22:54:06","modified_gmt":"2022-05-11T02:54:06","slug":"importantes-avances-en-negociaciones-entre-sag-y-senasica-mexico","status":"publish","type":"post","link":"https:\/\/www.semanariolocal.cl\/?p=5899","title":{"rendered":"Importantes avances en negociaciones entre SAG y SENASICA M\u00e9xico"},"content":{"rendered":"\n<p><strong><em>&nbsp;<\/em><\/strong>Importantes avances en materias de negociaci\u00f3n fitosanitaria logr\u00f3 el Servicio Agr\u00edcola y Ganadero (SAG) en una reciente y positiva visita de trabajo a M\u00e9xico, la primera instancia de encuentro presencial tras la pausa generada por la pandemia de Covid19. El jefe de la Divisi\u00f3n de Protecci\u00f3n Agr\u00edcola, Forestal y Semillas, Rodrigo Astete, junto a representantes de la Asociaci\u00f3n de Exportadores de Frutas de Chile, concretaron diversas reuniones con autoridades de Servicio Nacional de Sanidad, Inocuidad y Calidad Agroalimentaria (SENASICA) con el objetivo de facilitar el acceso de diversos productos de exportaci\u00f3n al mercado azteca, adem\u00e1s de abordar materias de certificaci\u00f3n electr\u00f3nica.<\/p>\n\n\n\n<p>En el marco de los encuentros que el SAG sostuvo con las diferentes contrapartes t\u00e9cnicas se alcanzaron significativos avances. Entre ellos, se acord\u00f3 la apertura simult\u00e1nea de c\u00edtricos -limones, clementinas y mandarinas chilenos y lim\u00f3n persa y mexicano de M\u00e9xico- a trav\u00e9s de una armonizaci\u00f3n de requisitos fitosanitarios. Tambi\u00e9n se determin\u00f3 que los productos vegetales hospedantes de mosca de la fruta podr\u00e1n ser exportados a M\u00e9xico a\u00fan cuando procedan de \u00e1reas reglamentadas por un brote, siempre que reciban un tratamiento fitosanitario. Y en materias forestales SAG y SENASICA acordaron retomar las negociaciones t\u00e9cnicas para la reapertura de las exportaciones de madera aserrada seca en bodega de nave, junto con establecer un borrador de procedimiento para la implementaci\u00f3n de la certificaci\u00f3n electr\u00f3nica de productos forestales, en el cual se seguir\u00e1 trabajando.<\/p>\n\n\n\n<p>La Directora Nacional (s) del Servicio, Andrea Collado, destac\u00f3 la importancia de \u201cmantener las instancias de comunicaci\u00f3n entre Chile y sus principales socios comerciales, como es el caso de M\u00e9xico, un pa\u00eds prioritario tanto en materia fitosanitaria como sanitaria y con el cual tenemos una larga historia de apoyo mutuo en el intercambio de conocimientos t\u00e9cnicos\u201d.<\/p>\n\n\n\n<p>Por su parte, Grisel Monje, Jefa (s) de Operaciones del SAG, reconoci\u00f3 como \u201cun hito importante los sustantivos avances logrados en las distintas reuniones t\u00e9cnicas en M\u00e9xico, para as\u00ed poder alcanzar postergados acuerdos en el \u00e1mbito fitosanitario, tanto agr\u00edcola como forestal que, finalmente permitir\u00e1n potenciar y facilitar las exportaciones chilenas a este importante mercado latinoamericano\u201d.<\/p>\n","protected":false},"excerpt":{"rendered":"<p>&nbsp;Importantes avances en materias de negociaci\u00f3n fitosanitaria logr\u00f3 el Servicio Agr\u00edcola y Ganadero (SAG) en una reciente y positiva visita de trabajo a M\u00e9xico, la primera instancia de encuentro presencial tras la pausa generada por la pandemia de Covid19. El jefe de la Divisi\u00f3n de Protecci\u00f3n Agr\u00edcola, Forestal y Semillas, Rodrigo Astete, junto a representantes&#8230;<a class=\"btnReadMore\" href=\"https:\/\/www.semanariolocal.cl\/?p=5899\"> Leer M\u00e1s<\/a><\/p>\n","protected":false},"author":1,"featured_media":5900,"comment_status":"closed","ping_status":"closed","sticky":false,"template":"","format":"standard","meta":{"footnotes":""},"categories":[3],"tags":[],"class_list":["post-5899","post","type-post","status-publish","format-standard","has-post-thumbnail","hentry","category-al-dia"],"_links":{"self":[{"href":"https:\/\/www.semanariolocal.cl\/index.php?rest_route=\/wp\/v2\/posts\/5899","targetHints":{"allow":["GET"]}}],"collection":[{"href":"https:\/\/www.semanariolocal.cl\/index.php?rest_route=\/wp\/v2\/posts"}],"about":[{"href":"https:\/\/www.semanariolocal.cl\/index.php?rest_route=\/wp\/v2\/types\/post"}],"author":[{"embeddable":true,"href":"https:\/\/www.semanariolocal.cl\/index.php?rest_route=\/wp\/v2\/users\/1"}],"replies":[{"embeddable":true,"href":"https:\/\/www.semanariolocal.cl\/index.php?rest_route=%2Fwp%2Fv2%2Fcomments&post=5899"}],"version-history":[{"count":1,"href":"https:\/\/www.semanariolocal.cl\/index.php?rest_route=\/wp\/v2\/posts\/5899\/revisions"}],"predecessor-version":[{"id":5901,"href":"https:\/\/www.semanariolocal.cl\/index.php?rest_route=\/wp\/v2\/posts\/5899\/revisions\/5901"}],"wp:featuredmedia":[{"embeddable":true,"href":"https:\/\/www.semanariolocal.cl\/index.php?rest_route=\/wp\/v2\/media\/5900"}],"wp:attachment":[{"href":"https:\/\/www.semanariolocal.cl\/index.php?rest_route=%2Fwp%2Fv2%2Fmedia&parent=5899"}],"wp:term":[{"taxonomy":"category","embeddable":true,"href":"https:\/\/www.semanariolocal.cl\/index.php?rest_route=%2Fwp%2Fv2%2Fcategories&post=5899"},{"taxonomy":"post_tag","embeddable":true,"href":"https:\/\/www.semanariolocal.cl\/index.php?rest_route=%2Fwp%2Fv2%2Ftags&post=5899"}],"curies":[{"name":"wp","href":"https:\/\/api.w.org\/{rel}","templated":true}]}}