{"id":5888,"date":"2022-05-09T08:58:00","date_gmt":"2022-05-09T12:58:00","guid":{"rendered":"https:\/\/www.semanariolocal.cl\/?p=5888"},"modified":"2022-05-10T18:14:52","modified_gmt":"2022-05-10T22:14:52","slug":"los-medios-deciden-sobre-que-debemos-pensar","status":"publish","type":"post","link":"https:\/\/www.semanariolocal.cl\/?p=5888","title":{"rendered":"\u00a1 Los medios deciden sobre qu\u00e9 debemos pensar?"},"content":{"rendered":"\n<p>Cuando nos levantamos en la ma\u00f1ana y leemos la prensa, revisamos los titulares r\u00e1pidamente. Este s\u00f3lo ejercicio, nos revela un fen\u00f3meno muy estudiado: la agenda setting o el establecimiento de la agenda de los medios de comunicaci\u00f3n. \u00bfQu\u00e9 es importante en el mundo, cu\u00e1les son los acontecimientos m\u00e1s relevantes de la semana, personaje del a\u00f1o, libros que debemos leer, es la Constituyente digna de dictar los pilares de la legislaci\u00f3n chilena?<\/p>\n\n\n\n<p>En 1972 MacCombs y Shaw revelaron que los medios de comunicaci\u00f3n de masas tienen una gran influencia sobre el p\u00fablico, al determinar qu\u00e9 asuntos poseen inter\u00e9s informativo y cu\u00e1nto espacio e importancia se le da. Esto nos hace sentido, cuando nos damos cuenta que las conversaciones con amigos y colegas, giran en torno a lo que acabamos de leer en los medios, porque sali\u00f3 en todos los titulares o se expandi\u00f3 como reguero de p\u00f3lvora en cu\u00e1nta p\u00e1gina abrimos por Internet.<\/p>\n\n\n\n<p>El caso del juicio de Johnny Depp con Amber Heard, donde arden fuertes declaraciones mutuas de maltrato, drogas y alcohol, est\u00e1 a la par, en horas de transmisi\u00f3n con la guerra en Ucrania. El que vot\u00f3 en la ducha, durante una votaci\u00f3n en la Constituyente chilena, acapara y ahoga lo esencial de los art\u00edculos a discutir, lo que ser\u00e1 el futuro de los cauces normativos que regir\u00e1n la pol\u00edtica chilena.<\/p>\n\n\n\n<p>\u00bfY qu\u00e9 pasa con los gobernantes y quienes toman decisiones en Palacio y oficinas? Cada uno de ellos revisa la prensa diaria y tambi\u00e9n se dirigen pol\u00edticas p\u00fablicas, en base a lo que es importante y reflejan los medios de comunicaci\u00f3n. A peque\u00f1a escala, muchos caminos se han pavimentado o se ha instalado agua potable rural, porque el periodista muestra estos problemas en noticieros y matinales. Lo que demuestra que la gente tambi\u00e9n sabe, que las autoridades \u00abcorren\u00bb cuando la prensa pone en c\u00e1mara nacional lo que afecta a la se\u00f1ora Juanita.<\/p>\n\n\n\n<p>Tema aparte son las redes sociales, que tambi\u00e9n son dominadas por grandes consorcios y las comentadas Fake News (noticias falsas); otro ingrediente que crea caos.<\/p>\n\n\n\n<p>Cu\u00e1l es la soluci\u00f3n para la audiencia, quiz\u00e1s desconcentraci\u00f3n de los medios de comunicaci\u00f3n, pluri mirada de los medios y participaci\u00f3n del lector. Vamos a ver, sobre qu\u00e9 tema pensar y debatir nos dicen los medios ma\u00f1ana\u2026<\/p>\n\n\n\n<p><strong>Carlos Schneider Y\u00e1\u00f1ez &#8211; Odont\u00f3logo y Mag\u00edster en Gesti\u00f3n en Salud &#8211; Universidad de Chile<\/strong><\/p>\n\n\n\n<p><strong>M.B.A. Tulane University (USA)<\/strong><\/p>\n","protected":false},"excerpt":{"rendered":"<p>Cuando nos levantamos en la ma\u00f1ana y leemos la prensa, revisamos los titulares r\u00e1pidamente. Este s\u00f3lo ejercicio, nos revela un fen\u00f3meno muy estudiado: la agenda setting o el establecimiento de la agenda de los medios de comunicaci\u00f3n. \u00bfQu\u00e9 es importante en el mundo, cu\u00e1les son los acontecimientos m\u00e1s relevantes de la semana, personaje del a\u00f1o,&#8230;<a class=\"btnReadMore\" href=\"https:\/\/www.semanariolocal.cl\/?p=5888\"> Leer M\u00e1s<\/a><\/p>\n","protected":false},"author":1,"featured_media":5889,"comment_status":"closed","ping_status":"closed","sticky":false,"template":"","format":"standard","meta":{"footnotes":""},"categories":[7],"tags":[],"class_list":["post-5888","post","type-post","status-publish","format-standard","has-post-thumbnail","hentry","category-opinion"],"_links":{"self":[{"href":"https:\/\/www.semanariolocal.cl\/index.php?rest_route=\/wp\/v2\/posts\/5888","targetHints":{"allow":["GET"]}}],"collection":[{"href":"https:\/\/www.semanariolocal.cl\/index.php?rest_route=\/wp\/v2\/posts"}],"about":[{"href":"https:\/\/www.semanariolocal.cl\/index.php?rest_route=\/wp\/v2\/types\/post"}],"author":[{"embeddable":true,"href":"https:\/\/www.semanariolocal.cl\/index.php?rest_route=\/wp\/v2\/users\/1"}],"replies":[{"embeddable":true,"href":"https:\/\/www.semanariolocal.cl\/index.php?rest_route=%2Fwp%2Fv2%2Fcomments&post=5888"}],"version-history":[{"count":1,"href":"https:\/\/www.semanariolocal.cl\/index.php?rest_route=\/wp\/v2\/posts\/5888\/revisions"}],"predecessor-version":[{"id":5890,"href":"https:\/\/www.semanariolocal.cl\/index.php?rest_route=\/wp\/v2\/posts\/5888\/revisions\/5890"}],"wp:featuredmedia":[{"embeddable":true,"href":"https:\/\/www.semanariolocal.cl\/index.php?rest_route=\/wp\/v2\/media\/5889"}],"wp:attachment":[{"href":"https:\/\/www.semanariolocal.cl\/index.php?rest_route=%2Fwp%2Fv2%2Fmedia&parent=5888"}],"wp:term":[{"taxonomy":"category","embeddable":true,"href":"https:\/\/www.semanariolocal.cl\/index.php?rest_route=%2Fwp%2Fv2%2Fcategories&post=5888"},{"taxonomy":"post_tag","embeddable":true,"href":"https:\/\/www.semanariolocal.cl\/index.php?rest_route=%2Fwp%2Fv2%2Ftags&post=5888"}],"curies":[{"name":"wp","href":"https:\/\/api.w.org\/{rel}","templated":true}]}}