{"id":5846,"date":"2022-05-08T10:04:24","date_gmt":"2022-05-08T14:04:24","guid":{"rendered":"https:\/\/www.semanariolocal.cl\/?p=5846"},"modified":"2022-05-08T10:05:57","modified_gmt":"2022-05-08T14:05:57","slug":"fedefruta-cuestiona-articulos-aprobados-sobre-las-aguas-y-soberania-alimentaria","status":"publish","type":"post","link":"https:\/\/www.semanariolocal.cl\/?p=5846","title":{"rendered":"Fedefruta cuestiona art\u00edculos aprobados sobre las Aguas y Soberan\u00eda Alimentaria"},"content":{"rendered":"\n<p>\u00abUna cosa es leer los art\u00edculos sobre el agua y soberan\u00eda alimentaria que se fueron al borrador de la constituci\u00f3n, y otra muy distinta es escuchar a los convencionales en el pleno dando a conocer sus verdaderas intenciones con cada frase escrita\u00bb, dice el presidente de Fedefruta, Jorge Valenzuela, luego que el pleno aprobara hoy s\u00e1bado cuatro art\u00edculos del Estatuto Constitucional de las Aguas, presentados por la Comisi\u00f3n de Medio Ambiente y Modelo Econ\u00f3mico en su informe de reemplazo.&nbsp;<\/p>\n\n\n\n<p>\u00abCuando econconstituyentes hablan de proteger las aguas y el ciclo hidrol\u00f3gico, algo que es bueno, esconden motivos que nos pueden dejar sin abastecimiento para todas las necesidades\u00bb, advierte el dirigente gremial. \u00abEn una sesi\u00f3n de la Comisi\u00f3n de Medio Ambiente en abril, una convencional dijo que la idea de proteger el ciclo hidrol\u00f3gico, significaba el dejar atr\u00e1s la discusi\u00f3n de infraestructuras para el &#8216;acaparamiento&#8217; de agua. La importancia de generar pol\u00edticas h\u00eddricas, que permitan el dise\u00f1o de matrices, es un deber para abordar la crisis clim\u00e1tica, y asegurar el abastecimiento en estos tiempos tan dif\u00edciles\u00bb.<\/p>\n\n\n\n<p>Fedefruta advierte que la intenci\u00f3n de algunos&nbsp;convencionales que tuvieron participaci\u00f3n en la redacci\u00f3n de lo aprobado&nbsp;sobre el agua es \u00abhacer una transici\u00f3n de la agricultura de exportaci\u00f3n a la agroecolog\u00eda sin entender ninguno de los dos conceptos\u00bb, agrega Valenzuela. \u00ab\u00bfQue la ley determinar\u00e1 los dem\u00e1s usos? Queda muy abierto el tema. Si a nivel legislativo estas normas se interpretan seg\u00fan la visi\u00f3n de algunos en el pleno, significar\u00e1 el fin de las actividades econ\u00f3micas que sostienen el campo y el abastecimiento\u00bb.&nbsp;<\/p>\n\n\n\n<p>Sobre el articulo tres de los consejos de cuenca, Fedefruta espera que los regantes, y las organizaciones de usuarios del agua, tengan espacio en \u00e9stas, y que \u00abrealmente sean una forma de organizar correctamente todas las actividades de cada cuenca\u00bb, a\u00f1ade el productor. \u00abHay profesionales que han trabajado por a\u00f1os para armar planes de gobernanza por cuencas, y ahora tenemos que escuchar sus propuestas\u00bb.&nbsp;<\/p>\n\n\n\n<p><strong>Soberan\u00eda y Seguridad Alimentaria<\/strong><\/p>\n\n\n\n<p>En relaci\u00f3n al importante art\u00edculo 17 de este informe y que pas\u00f3 al borrador, el presidente de Fedefruta se\u00f1ala que \u00abel colocar conceptos como seguridad alimentaria y derecho a la alimentaci\u00f3n sana, se ve bien si solo se revisa el art\u00edculo aprobado, pero la percepci\u00f3n es muy distinta cuando uno escucha el debate en el pleno y encuentra argumentos como el que se llama a aprobar esto para proteger la soberan\u00eda alimentaria de la producci\u00f3n de frutales para la exportaci\u00f3n\u00bb, indic\u00f3 Jorge Valenzuela. \u00abNosotros tenemos una tarea importante de abastecer a un pa\u00eds, como lo hemos hecho desde siempre y durante la pandemia, en coordinaci\u00f3n con todos los actores del sistema alimentario, incluyendo las ferias\u00bb.&nbsp;<\/p>\n\n\n\n<p>A partir de estas declaraciones \u00abbuscan no solo dejarnos sin agricultura formal, sino tambi\u00e9n dejar atr\u00e1s a un productor de ma\u00edz de cuatro hect\u00e1reas, que es monocultivo para ellos, desconociendo totalmente quien es quien en el campo chileno\u00bb, comenta. \u00abFedefruta nunca ha contrapuesto la agroecolog\u00eda a la agroindustria pero ellos artificialmente est\u00e1n construyendo un contexto artificial del mundo rural en Chile\u00bb.<\/p>\n\n\n\n<p>Por \u00faltimo, el representante de los fruticultores recuerda que aun se est\u00e1n por definir los art\u00edculos transitorios sobre la derogaci\u00f3n del c\u00f3digo de agua, la caducidad de los derechos de aprovechamiento, y la restituci\u00f3n sin indemnizaci\u00f3n. \u00abLlamo a todos los productores y personas cuyo sustento es el campo, a estar m\u00e1s atentos que nunca\u00bb, concluye.<\/p>\n","protected":false},"excerpt":{"rendered":"<p>\u00abUna cosa es leer los art\u00edculos sobre el agua y soberan\u00eda alimentaria que se fueron al borrador de la constituci\u00f3n, y otra muy distinta es escuchar a los convencionales en el pleno dando a conocer sus verdaderas intenciones con cada frase escrita\u00bb, dice el presidente de Fedefruta, Jorge Valenzuela, luego que el pleno aprobara hoy&#8230;<a class=\"btnReadMore\" href=\"https:\/\/www.semanariolocal.cl\/?p=5846\"> Leer M\u00e1s<\/a><\/p>\n","protected":false},"author":1,"featured_media":5847,"comment_status":"closed","ping_status":"closed","sticky":false,"template":"","format":"standard","meta":{"footnotes":""},"categories":[3,4],"tags":[],"class_list":["post-5846","post","type-post","status-publish","format-standard","has-post-thumbnail","hentry","category-al-dia","category-reportajes"],"_links":{"self":[{"href":"https:\/\/www.semanariolocal.cl\/index.php?rest_route=\/wp\/v2\/posts\/5846","targetHints":{"allow":["GET"]}}],"collection":[{"href":"https:\/\/www.semanariolocal.cl\/index.php?rest_route=\/wp\/v2\/posts"}],"about":[{"href":"https:\/\/www.semanariolocal.cl\/index.php?rest_route=\/wp\/v2\/types\/post"}],"author":[{"embeddable":true,"href":"https:\/\/www.semanariolocal.cl\/index.php?rest_route=\/wp\/v2\/users\/1"}],"replies":[{"embeddable":true,"href":"https:\/\/www.semanariolocal.cl\/index.php?rest_route=%2Fwp%2Fv2%2Fcomments&post=5846"}],"version-history":[{"count":1,"href":"https:\/\/www.semanariolocal.cl\/index.php?rest_route=\/wp\/v2\/posts\/5846\/revisions"}],"predecessor-version":[{"id":5848,"href":"https:\/\/www.semanariolocal.cl\/index.php?rest_route=\/wp\/v2\/posts\/5846\/revisions\/5848"}],"wp:featuredmedia":[{"embeddable":true,"href":"https:\/\/www.semanariolocal.cl\/index.php?rest_route=\/wp\/v2\/media\/5847"}],"wp:attachment":[{"href":"https:\/\/www.semanariolocal.cl\/index.php?rest_route=%2Fwp%2Fv2%2Fmedia&parent=5846"}],"wp:term":[{"taxonomy":"category","embeddable":true,"href":"https:\/\/www.semanariolocal.cl\/index.php?rest_route=%2Fwp%2Fv2%2Fcategories&post=5846"},{"taxonomy":"post_tag","embeddable":true,"href":"https:\/\/www.semanariolocal.cl\/index.php?rest_route=%2Fwp%2Fv2%2Ftags&post=5846"}],"curies":[{"name":"wp","href":"https:\/\/api.w.org\/{rel}","templated":true}]}}