{"id":5831,"date":"2022-05-06T11:07:59","date_gmt":"2022-05-06T15:07:59","guid":{"rendered":"https:\/\/www.semanariolocal.cl\/?p=5831"},"modified":"2022-05-06T11:32:32","modified_gmt":"2022-05-06T15:32:32","slug":"jardines-infantiles-cierran-el-mes-del-libro-con-diversas-actividades-tematicas","status":"publish","type":"post","link":"https:\/\/www.semanariolocal.cl\/?p=5831","title":{"rendered":"Jardines infantiles cierran el mes del libro con diversas actividades tem\u00e1ticas"},"content":{"rendered":"\n<p>Con el objetivo de entregar alegr\u00eda y magia a trav\u00e9s de los cuentos infantiles, jardines infantiles JUNJI resaltaron la importancia de la lectura desde la educaci\u00f3n parvularia, donde en sus diferentes niveles se efectuaron ciclos de presentaciones art\u00edsticas para conmemorar el Mes del Libro.<\/p>\n\n\n\n<p>Desde Osorno, las comunidades de \u201cPeque\u00f1os Pasos\u00bb, \u00abPrincipito\u00bb y \u201cLluvia de Estrellas\u201d realizaron actividades y estrategias relacionadas a la tem\u00e1tica, con el prop\u00f3sito de relevar las culturas y las artes entre los ni\u00f1os y ni\u00f1as.<\/p>\n\n\n\n<p>En Chilo\u00e9, desde el Ceci \u201cNalhuitad\u201d de Chonchi se celebr\u00f3 la Semana del Libro con obras teatrales, musicales y juegos de adivinanzas y trabalenguas. En Ceci \u201cAmorositos\u201d de Curanu\u00e9 -comuna de Quell\u00f3n- los p\u00e1rvulos se disfrazaron de sus personajes favoritos y prepararon representaciones de estos para resaltar esta fecha.<\/p>\n\n\n\n<p>En Puerto Montt, el jard\u00edn infantil \u201cLugar de Sol\u201d de poblaci\u00f3n Antuhue efectu\u00f3 en cada nivel un espacio para el Plan Nacional de la Lectura y donde las familias enviaron un video con actividades de poes\u00eda, canciones, leyendas y juegos de dedos. Finalizando la \u00faltima semana con una fiesta de disfraces, donde cada ni\u00f1o y ni\u00f1a present\u00f3 a sus personajes.<\/p>\n\n\n\n<p>Desde JUNJI Los Lagos, se destac\u00f3 las jornadas del libro como actividades que permiten so\u00f1ar, crear ideas, fortalecer el lenguaje y un importante espacio para compartir con las familias. Si bien el D\u00eda del Libro es el 23 de abril, en los jardines infantiles hubo celebraciones tem\u00e1ticas durante todo el mes pasado.<\/p>\n\n\n\n<p>Asimismo, recordar el concurso del tercer concurso de cuento ilustrado infantil \u201cDel Juego a la Palabra\u201d, donde todos pueden participar presentando nuevas obras literarias infantiles. Las creaciones se reciben hasta el 30 de julio y las bases est\u00e1n disponibles en <a rel=\"noreferrer noopener\" href=\"http:\/\/www.junji.gob.cl\/\" target=\"_blank\">www.junji.gob.cl<\/a>.<\/p>\n\n\n\n<figure class=\"wp-block-video alignleft\"><video height=\"404\" style=\"aspect-ratio: 720 \/ 404;\" width=\"720\" controls src=\"https:\/\/www.semanariolocal.cl\/wp-content\/uploads\/2022\/05\/001.-Feria-del-libro-1.mp4\"><\/video><\/figure>\n","protected":false},"excerpt":{"rendered":"<p>Las unidades educativas de JUNJI de la regi\u00f3n organizaron m\u00faltiples eventos durante abril que promovieron y acercaron la lectura entre los p\u00e1rvulos y las familias, pr\u00e1ctica clave en el desarrollo<br \/>\nde los primeros a\u00f1os de vida.<\/p>\n","protected":false},"author":1,"featured_media":5832,"comment_status":"closed","ping_status":"closed","sticky":false,"template":"","format":"standard","meta":{"footnotes":""},"categories":[11],"tags":[],"class_list":["post-5831","post","type-post","status-publish","format-standard","has-post-thumbnail","hentry","category-educacion"],"_links":{"self":[{"href":"https:\/\/www.semanariolocal.cl\/index.php?rest_route=\/wp\/v2\/posts\/5831","targetHints":{"allow":["GET"]}}],"collection":[{"href":"https:\/\/www.semanariolocal.cl\/index.php?rest_route=\/wp\/v2\/posts"}],"about":[{"href":"https:\/\/www.semanariolocal.cl\/index.php?rest_route=\/wp\/v2\/types\/post"}],"author":[{"embeddable":true,"href":"https:\/\/www.semanariolocal.cl\/index.php?rest_route=\/wp\/v2\/users\/1"}],"replies":[{"embeddable":true,"href":"https:\/\/www.semanariolocal.cl\/index.php?rest_route=%2Fwp%2Fv2%2Fcomments&post=5831"}],"version-history":[{"count":8,"href":"https:\/\/www.semanariolocal.cl\/index.php?rest_route=\/wp\/v2\/posts\/5831\/revisions"}],"predecessor-version":[{"id":5845,"href":"https:\/\/www.semanariolocal.cl\/index.php?rest_route=\/wp\/v2\/posts\/5831\/revisions\/5845"}],"wp:featuredmedia":[{"embeddable":true,"href":"https:\/\/www.semanariolocal.cl\/index.php?rest_route=\/wp\/v2\/media\/5832"}],"wp:attachment":[{"href":"https:\/\/www.semanariolocal.cl\/index.php?rest_route=%2Fwp%2Fv2%2Fmedia&parent=5831"}],"wp:term":[{"taxonomy":"category","embeddable":true,"href":"https:\/\/www.semanariolocal.cl\/index.php?rest_route=%2Fwp%2Fv2%2Fcategories&post=5831"},{"taxonomy":"post_tag","embeddable":true,"href":"https:\/\/www.semanariolocal.cl\/index.php?rest_route=%2Fwp%2Fv2%2Ftags&post=5831"}],"curies":[{"name":"wp","href":"https:\/\/api.w.org\/{rel}","templated":true}]}}