{"id":5828,"date":"2022-05-06T10:52:22","date_gmt":"2022-05-06T14:52:22","guid":{"rendered":"https:\/\/www.semanariolocal.cl\/?p=5828"},"modified":"2022-05-06T10:52:23","modified_gmt":"2022-05-06T14:52:23","slug":"con-envios-a-brasil-se-inicia-temporada-de-exportacion-de-semillas-de-papa-certificada","status":"publish","type":"post","link":"https:\/\/www.semanariolocal.cl\/?p=5828","title":{"rendered":"Con env\u00edos a Brasil se inicia temporada de exportaci\u00f3n de semillas de papa certificada."},"content":{"rendered":"\n<p>Con env\u00edos a Brasil comenz\u00f3 esta temporada la exportaci\u00f3n de semillas de papas certificadas, despachos que han estado a cargo de las dos empresas productoras de semillas de papas de la zona: Semillas SZ S.A. y Semillas Llanquihue Ltda. En lo que va de esta temporada, que comenz\u00f3 el mes de marzo, entre ambas, suman 148 toneladas de papa semilla destinadas a dicho mercado.<\/p>\n\n\n\n<p>El Servicio Agr\u00edcola y Ganadero, SAG, a trav\u00e9s de las oficinas sectoriales de R\u00edo Negro y Puerto Varas, realiz\u00f3 la inspecci\u00f3n y extendi\u00f3 la certificaci\u00f3n sanitaria de estas exportaciones. \u201cLos env\u00edos son posibles gracias a la excelente condici\u00f3n sanitaria de la zona que est\u00e1 libre de plagas cuarentenarias de la papa; al s\u00f3lido programa de certificaci\u00f3n sanitaria que posee el SAG; y al compromiso y trabajo profesional de quienes se dedican a la producci\u00f3n de tub\u00e9rculo semilla de papas en la regi\u00f3n\u201d, enfatiz\u00f3 Eduardo Monreal, director regional del SAG.<\/p>\n\n\n\n<p>Es importante destacar que la Regi\u00f3n de Los Lagos es la \u00fanica regi\u00f3n del \u00c1rea Libre de Plagas Cuarentenarias de la Papa que realiza exportaciones de semilla certificada, enviando, cada temporada, aproximadamente unas 525 toneladas a Brasil y 240 toneladas a Guatemala.<\/p>\n\n\n\n<p>\u201cDe tal manera que se hace necesario seguir resguardando el estatus sanitario de la Macrozona Sur que se encuentra libre de plagas cuarentenarias de la papa, como la marchitez bacteriana, nematodos formadores de quistes, y carb\u00f3n de la papa, lo cual permite que se cumplan los requisitos sanitarios que exigen los mercados de destino y para que la regi\u00f3n siga destacando, a nivel nacional, en la producci\u00f3n y exportaci\u00f3n de tub\u00e9rculos de semilla de papas certificadas\u201d, acot\u00f3 la autoridad regional.<\/p>\n\n\n\n<p><strong>Primeros env\u00edos de la temporada<\/strong><\/p>\n\n\n\n<p>A fines de abril la empresa Semillas Llanquihue Ltda realiz\u00f3 su primer despacho de la temporada con el env\u00edo de 73 mil kilos de tub\u00e9rculos semilla de las variedades FL1867 y Agata las que ser\u00e1n utilizadas para&nbsp;establecer plantaciones comerciales para la elaboraci\u00f3n de papas fritas en hojuelas (Chips). En tanto, Semillas SZ S.A. comenz\u00f3 a exportar a fines de marzo y, a la fecha, ha concretado tres env\u00edos los que totalizan 75 mil kilos de semilla de la variedad Asterix que ser\u00e1n destinadas a plantaciones para venta y consumo en fresco.<\/p>\n\n\n\n<p>Ambas compa\u00f1\u00edas poseen modernos laboratorios de cultivo de tejidos in vitro, invernaderos, c\u00e1maras de fr\u00edo&nbsp;y moderna maquinaria para plantaci\u00f3n, manejo del cultivo, cosecha y selecci\u00f3n de los tub\u00e9rculos de semilla.<\/p>\n\n\n\n<p>En t\u00e9rminos de superficie, para esta temporada, Semillas SZ S.A. cuenta con 422 hect\u00e1reas en certificaci\u00f3n de semillas de las cuales 174 se encuentran inscritas para exportaci\u00f3n. En tanto Semillas Llanquihue Ltda. posee 285 hect\u00e1reas bajo el sistema de certificaci\u00f3n. Cabe indicar que, a nivel nacional, se certifican aproximadamente 23.000 toneladas de semilla de papa, de las cuales la Regi\u00f3n de Los Lagos produce el 93%.<\/p>\n\n\n\n<p>Es importante se\u00f1alar que,&nbsp;en el pa\u00eds, se reconocen 2 tipos de semilla: la certificada, y la corriente. La semilla Certificada es aquella que ha sido sometida a un proceso de producci\u00f3n supervisado por el SAG, lo cual garantiza su calidad sanitaria y varietal, consiguiendo as\u00ed su m\u00e1ximo potencial productivo. La semilla corriente, por otro lado, s\u00f3lo es fiscalizada por el SAG al momento de su comercializaci\u00f3n y la calidad sanitaria y varietal es garantizada por el propio productor y, adem\u00e1s, debe cumplir con los requisitos establecidos por el Servicio.<\/p>\n","protected":false},"excerpt":{"rendered":"<p>Con env\u00edos a Brasil comenz\u00f3 esta temporada la exportaci\u00f3n de semillas de papas certificadas, despachos que han estado a cargo de las dos empresas productoras de semillas de papas de la zona: Semillas SZ S.A. y Semillas Llanquihue Ltda. En lo que va de esta temporada, que comenz\u00f3 el mes de marzo, entre ambas, suman&#8230;<a class=\"btnReadMore\" href=\"https:\/\/www.semanariolocal.cl\/?p=5828\"> Leer M\u00e1s<\/a><\/p>\n","protected":false},"author":1,"featured_media":5829,"comment_status":"closed","ping_status":"closed","sticky":false,"template":"","format":"standard","meta":{"footnotes":""},"categories":[3],"tags":[],"class_list":["post-5828","post","type-post","status-publish","format-standard","has-post-thumbnail","hentry","category-al-dia"],"_links":{"self":[{"href":"https:\/\/www.semanariolocal.cl\/index.php?rest_route=\/wp\/v2\/posts\/5828","targetHints":{"allow":["GET"]}}],"collection":[{"href":"https:\/\/www.semanariolocal.cl\/index.php?rest_route=\/wp\/v2\/posts"}],"about":[{"href":"https:\/\/www.semanariolocal.cl\/index.php?rest_route=\/wp\/v2\/types\/post"}],"author":[{"embeddable":true,"href":"https:\/\/www.semanariolocal.cl\/index.php?rest_route=\/wp\/v2\/users\/1"}],"replies":[{"embeddable":true,"href":"https:\/\/www.semanariolocal.cl\/index.php?rest_route=%2Fwp%2Fv2%2Fcomments&post=5828"}],"version-history":[{"count":1,"href":"https:\/\/www.semanariolocal.cl\/index.php?rest_route=\/wp\/v2\/posts\/5828\/revisions"}],"predecessor-version":[{"id":5830,"href":"https:\/\/www.semanariolocal.cl\/index.php?rest_route=\/wp\/v2\/posts\/5828\/revisions\/5830"}],"wp:featuredmedia":[{"embeddable":true,"href":"https:\/\/www.semanariolocal.cl\/index.php?rest_route=\/wp\/v2\/media\/5829"}],"wp:attachment":[{"href":"https:\/\/www.semanariolocal.cl\/index.php?rest_route=%2Fwp%2Fv2%2Fmedia&parent=5828"}],"wp:term":[{"taxonomy":"category","embeddable":true,"href":"https:\/\/www.semanariolocal.cl\/index.php?rest_route=%2Fwp%2Fv2%2Fcategories&post=5828"},{"taxonomy":"post_tag","embeddable":true,"href":"https:\/\/www.semanariolocal.cl\/index.php?rest_route=%2Fwp%2Fv2%2Ftags&post=5828"}],"curies":[{"name":"wp","href":"https:\/\/api.w.org\/{rel}","templated":true}]}}