{"id":5812,"date":"2022-05-05T07:05:00","date_gmt":"2022-05-05T11:05:00","guid":{"rendered":"https:\/\/www.semanariolocal.cl\/?p=5812"},"modified":"2022-05-04T23:44:14","modified_gmt":"2022-05-05T03:44:14","slug":"retorno-de-locomocion-colectiva-mayor-a-ovejeria-avanza-por-buena-senda","status":"publish","type":"post","link":"https:\/\/www.semanariolocal.cl\/?p=5812","title":{"rendered":"Retorno de locomoci\u00f3n colectiva mayor a Ovejer\u00eda avanza por buena senda"},"content":{"rendered":"\n<p>Delegada Presidencial Claudia Pailalef, junto a Seremi de Transportes, Pablo Joost y alcalde Emeterio Carrillo, dieron a conocer la buena noticia del retorno, este pr\u00f3ximo &nbsp;14 de mayo, del transporte p\u00fablico (microbuses) para el sector de Ovejer\u00eda, ser\u00e1n 11 m\u00e1quinas a disposici\u00f3n para una primera etapa.<\/p>\n\n\n\n<p>Seg\u00fan inform\u00f3 a los vecinos&nbsp; el Seremi de Transportes y Telecomunicaciones, Pablo Joost, se logr\u00f3 avanzar en m\u00e1s de lo comprometido.<\/p>\n\n\n\n<p>\u201cQuer\u00edamos traer un plan de trabajo para recuperar el transporte p\u00fablico mayor en el sector de ovejer\u00eda, pero no solo eso, sino que trajimos una fecha concreta que es el 14 de mayo, &nbsp;d\u00eda en que se reiniciar\u00e1 el transporte p\u00fablico mayor en el sector de Ovejer\u00eda y es una respuesta que hemos dado como Ministerio trabajando no s\u00f3lo a nivel regional, tambi\u00e9n a nivel central incluyendo la visita del Ministro de la cartera para resolver lo urgente y dar respuesta a las necesidades de nuestros vecinos y as\u00ed lo hicimos\u201d, sostuvo el Seremi de Transporte, Pablo Joost.<\/p>\n\n\n\n<p>Por su parte, la Delegada Presidencial de Osorno, Claudia Pailalef, destac\u00f3 el trabajo mancomunado que logra brindar una r\u00e1pida respuesta a los vecinos, para en adelante continuar reuni\u00e9ndose en mesas de trabajo para avanzar en la meta de contar con un transporte mayor acorde a las necesidades de la ciudad.<\/p>\n\n\n\n<p>\u201cDesde el Gobierno liderado por el Presidente Gabriel Boric,&nbsp; este es un momento muy significativo. A partir del trabajo realizado desde la serem\u00eda de Transportes junto con el Ministerio se han recuperado las confianzas con la comunidad y nos queda la tarea de efectivamente, poder abordar los temas de fondo, de colaborar para mejorar el transporte p\u00fablico de la ciudad Osorno\u201d destac\u00f3 la Delegada Presidencial, Claudia Pailalef.<\/p>\n\n\n\n<p>Agreg\u00f3 que se cuenta con la disposici\u00f3n de trabajar para resolver en definitiva la mejora del transporte p\u00fablico en la ciudad, y donde estar\u00e1 la participaci\u00f3n activa del alcalde, concejales, la propia Delegada Provincial y por supuesto la comunidad osornina teniendo claro que son los vecinos los protagonistas y usuarios de este servicio que se busca optimizar. Para ello, en adelante se desarrollar\u00e1n reuniones de trabajo para evaluar el servicio que se entregar\u00e1 en Ovejer\u00eda, pero tambi\u00e9n se continuar\u00e1 abordando la tarea del transporte p\u00fablico mayor en toda la ciudad.<\/p>\n","protected":false},"excerpt":{"rendered":"<p>Delegada Presidencial Claudia Pailalef, junto a Seremi de Transportes, Pablo Joost y alcalde Emeterio Carrillo, dieron a conocer la buena noticia del retorno, este pr\u00f3ximo &nbsp;14 de mayo, del transporte p\u00fablico (microbuses) para el sector de Ovejer\u00eda, ser\u00e1n 11 m\u00e1quinas a disposici\u00f3n para una primera etapa. Seg\u00fan inform\u00f3 a los vecinos&nbsp; el Seremi de Transportes&#8230;<a class=\"btnReadMore\" href=\"https:\/\/www.semanariolocal.cl\/?p=5812\"> Leer M\u00e1s<\/a><\/p>\n","protected":false},"author":1,"featured_media":5813,"comment_status":"closed","ping_status":"closed","sticky":false,"template":"","format":"standard","meta":{"footnotes":""},"categories":[3,9],"tags":[],"class_list":["post-5812","post","type-post","status-publish","format-standard","has-post-thumbnail","hentry","category-al-dia","category-gobierno"],"_links":{"self":[{"href":"https:\/\/www.semanariolocal.cl\/index.php?rest_route=\/wp\/v2\/posts\/5812","targetHints":{"allow":["GET"]}}],"collection":[{"href":"https:\/\/www.semanariolocal.cl\/index.php?rest_route=\/wp\/v2\/posts"}],"about":[{"href":"https:\/\/www.semanariolocal.cl\/index.php?rest_route=\/wp\/v2\/types\/post"}],"author":[{"embeddable":true,"href":"https:\/\/www.semanariolocal.cl\/index.php?rest_route=\/wp\/v2\/users\/1"}],"replies":[{"embeddable":true,"href":"https:\/\/www.semanariolocal.cl\/index.php?rest_route=%2Fwp%2Fv2%2Fcomments&post=5812"}],"version-history":[{"count":1,"href":"https:\/\/www.semanariolocal.cl\/index.php?rest_route=\/wp\/v2\/posts\/5812\/revisions"}],"predecessor-version":[{"id":5814,"href":"https:\/\/www.semanariolocal.cl\/index.php?rest_route=\/wp\/v2\/posts\/5812\/revisions\/5814"}],"wp:featuredmedia":[{"embeddable":true,"href":"https:\/\/www.semanariolocal.cl\/index.php?rest_route=\/wp\/v2\/media\/5813"}],"wp:attachment":[{"href":"https:\/\/www.semanariolocal.cl\/index.php?rest_route=%2Fwp%2Fv2%2Fmedia&parent=5812"}],"wp:term":[{"taxonomy":"category","embeddable":true,"href":"https:\/\/www.semanariolocal.cl\/index.php?rest_route=%2Fwp%2Fv2%2Fcategories&post=5812"},{"taxonomy":"post_tag","embeddable":true,"href":"https:\/\/www.semanariolocal.cl\/index.php?rest_route=%2Fwp%2Fv2%2Ftags&post=5812"}],"curies":[{"name":"wp","href":"https:\/\/api.w.org\/{rel}","templated":true}]}}