{"id":5793,"date":"2022-05-04T11:26:54","date_gmt":"2022-05-04T15:26:54","guid":{"rendered":"https:\/\/www.semanariolocal.cl\/?p=5793"},"modified":"2022-05-04T11:26:54","modified_gmt":"2022-05-04T15:26:54","slug":"municipio-inicia-proceso-de-construccion-para-paseo-patrimonial-en-osorno","status":"publish","type":"post","link":"https:\/\/www.semanariolocal.cl\/?p=5793","title":{"rendered":"Municipio inicia proceso de construcci\u00f3n para paseo patrimonial en Osorno"},"content":{"rendered":"\n<p>Alcalde Emeterio Carrillo junto a funcionarios municipales y representantes del sector cultural de la ciudad &nbsp;participaron de la Ceremonia de Entrega de Terreno para construir la Obra, Paseo Patrimonial Museo Hist\u00f3rico de Osorno, proyecto que pretende poner en valor objetos propios de nuestra cultura local, generando un espacio de reuni\u00f3n para la comunidad y abriendo portales de acceso por las calles Bilbao y Matta.<\/p>\n\n\n\n<p>Durante la actividad Carrillo se\u00f1al\u00f3 que la idea es crear un espacio de encuentro ciudadano, que busca conectar a\u00fan m\u00e1s el Museo con la comunidad, generando un paseo peatonal que conectar\u00e1 dos grandes calles y que permitir\u00e1 que la comunidad pueda mostrar m\u00e1s inter\u00e9s por nuestra cultural local y as\u00ed conocer y saber de la historia de Osorno.<\/p>\n\n\n\n<p>El jefe comunal agreg\u00f3 que se trata de una inversi\u00f3n municipal que supera los 70 millones de pesos, y que busca entregar un espacio de conocimiento y reflexi\u00f3n para qui\u00e9nes transitan a diario por el sector \u201cexiste una gran cantidad de personas que transitan diariamente por estas calles, por eso este lugar quedar\u00e1 muy bien ubicado para todos quienes deseen apreciar la historia y cultura de Osorno\u201d, recalc\u00f3.<\/p>\n\n\n\n<p>Por su parte, &nbsp;Gabriel Peralta, Jefe del Departamento de Patrimonio Cultural de la Municipalidad de Osorno, valor\u00f3 esta iniciativa que es un proyecto largamente esperado, pues pone en valor los rasgos arquitect\u00f3nicos de la d\u00e9cada de 1920 y 1930, adem\u00e1s de relevar cosas propias de nuestra cultura.<strong><\/strong><\/p>\n\n\n\n<p>Peralta agreg\u00f3 que lo principal es que en este lugar se podr\u00e1n mostrar otros elementos que potencien la exposici\u00f3n del museo hist\u00f3rico, se podr\u00e1 proyectar este espacio como un paseo, un descanso, tenemos como objetivo crear un espacio de recreaci\u00f3n pero donde a la vez se aprenda, se\u00f1al\u00f3.<\/p>\n\n\n\n<p>El proyecto se divide en las siguientes tem\u00e1ticas: pavimentos, mobiliario, paisajismo, arreglo de bodega y creaci\u00f3n de m\u00f3dulos e intervenci\u00f3n art\u00edstica. Con estos elementos se espera poder de dotar un nuevo modo de uso de los espacios y equipamientos p\u00fablicos de la ciudad, poniendo en valor no solo el edificio, sino tambi\u00e9n el espacio que tiene y celebrar la historia tan rica que tiene nuestro territorio.<\/p>\n\n\n\n<p>La empresa constructora a cargo es W Spa, del profesional Carlos Willer y tendr\u00e1 80 d\u00edas corridos para levantar esta importante obra patrimonial.<\/p>\n","protected":false},"excerpt":{"rendered":"<p>Iniciativa que crear\u00e1 dos portales de acceso a este recinto, Bilbao y Matta, generando en el centro un espacio de reuni\u00f3n y puesta en valor de elementos hist\u00f3ricos y culturales.<\/p>\n","protected":false},"author":1,"featured_media":5794,"comment_status":"closed","ping_status":"closed","sticky":false,"template":"","format":"standard","meta":{"footnotes":""},"categories":[3],"tags":[],"class_list":["post-5793","post","type-post","status-publish","format-standard","has-post-thumbnail","hentry","category-al-dia"],"_links":{"self":[{"href":"https:\/\/www.semanariolocal.cl\/index.php?rest_route=\/wp\/v2\/posts\/5793","targetHints":{"allow":["GET"]}}],"collection":[{"href":"https:\/\/www.semanariolocal.cl\/index.php?rest_route=\/wp\/v2\/posts"}],"about":[{"href":"https:\/\/www.semanariolocal.cl\/index.php?rest_route=\/wp\/v2\/types\/post"}],"author":[{"embeddable":true,"href":"https:\/\/www.semanariolocal.cl\/index.php?rest_route=\/wp\/v2\/users\/1"}],"replies":[{"embeddable":true,"href":"https:\/\/www.semanariolocal.cl\/index.php?rest_route=%2Fwp%2Fv2%2Fcomments&post=5793"}],"version-history":[{"count":1,"href":"https:\/\/www.semanariolocal.cl\/index.php?rest_route=\/wp\/v2\/posts\/5793\/revisions"}],"predecessor-version":[{"id":5795,"href":"https:\/\/www.semanariolocal.cl\/index.php?rest_route=\/wp\/v2\/posts\/5793\/revisions\/5795"}],"wp:featuredmedia":[{"embeddable":true,"href":"https:\/\/www.semanariolocal.cl\/index.php?rest_route=\/wp\/v2\/media\/5794"}],"wp:attachment":[{"href":"https:\/\/www.semanariolocal.cl\/index.php?rest_route=%2Fwp%2Fv2%2Fmedia&parent=5793"}],"wp:term":[{"taxonomy":"category","embeddable":true,"href":"https:\/\/www.semanariolocal.cl\/index.php?rest_route=%2Fwp%2Fv2%2Fcategories&post=5793"},{"taxonomy":"post_tag","embeddable":true,"href":"https:\/\/www.semanariolocal.cl\/index.php?rest_route=%2Fwp%2Fv2%2Ftags&post=5793"}],"curies":[{"name":"wp","href":"https:\/\/api.w.org\/{rel}","templated":true}]}}