{"id":5790,"date":"2022-05-04T11:23:49","date_gmt":"2022-05-04T15:23:49","guid":{"rendered":"https:\/\/www.semanariolocal.cl\/?p=5790"},"modified":"2022-05-04T11:23:50","modified_gmt":"2022-05-04T15:23:50","slug":"aprobado-gobierno-debera-ejecutar-pago-a-deuda-de-la-corporacion-de-ancud-con-profesores","status":"publish","type":"post","link":"https:\/\/www.semanariolocal.cl\/?p=5790","title":{"rendered":"Aprobado : Gobierno deber\u00e1 ejecutar pago a deuda de la Corporaci\u00f3n de Ancud con profesores"},"content":{"rendered":"\n<p>La C\u00e1mara Baja aprob\u00f3&nbsp;por 115 votos a favor el proyecto de Resoluci\u00f3n que present\u00f3 el diputado por el Distrito 26 Alejandro Bernales (PL) para que el Presidente de la Rep\u00fablica Gabriel Boric, efect\u00fae las acciones necesarias para realizar el pago de los montos adeudados a las y los trabajadores de la educaci\u00f3n municipalizada de Ancud, a quienes no les han pagado durante a\u00f1os los descuentos legales por concepto de pensiones, salud, seguro de cesant\u00eda y otros.<\/p>\n\n\n\n<p>\u201cBuenas noticias para Ancud, sobre todo para los profesores y asistentes de la Educaci\u00f3n que se les adeuda miles de millones de pesos cotizaciones. Hoy aprobamos en la C\u00e1mara de Diputadas y Diputados el proyecto de resoluci\u00f3n que presentamos y donde le pedimos al Presidente de la Rep\u00fablica, que se haga parte de las soluciones en el pago de estas millonarias deudas que se tiene con los profesores y asistentes de la Educaci\u00f3n de Ancud\u201d, explic\u00f3 el legislador.<\/p>\n\n\n\n<p>Sum\u00f3 que \u201cconocemos que esta deuda asciende a los 10 mil millones de pesos y que por concepto de atrasos podr\u00eda estar en alrededor de 14 mil millones de pesos, sabemos tambi\u00e9n que el municipio no tiene ese presupuesto para poder saldar esa deuda, es por este motivo que presentamos el proyecto de resoluci\u00f3n que hoy se aprob\u00f3 en la C\u00e1mara\u201d.<\/p>\n\n\n\n<p>La autoridad sostuvo que espera en la brevedad, conocer los pasos que seguir\u00e1 el Gobierno respecto a esta materia y cu\u00e1les son las soluciones que desde el Ministerio de Educaci\u00f3n se puedan entregar: \u201ca estas personas que han sido perjudicadas en un derecho b\u00e1sico, como es el pago de sus cotizaciones para sus jubilaciones, que a la vez ha afectado a sus familias, pues por ejemplo no pueden acceder a cr\u00e9ditos hipotecarios a ra\u00edz de la deuda\u201d, aclar\u00f3 el diputado.<\/p>\n\n\n\n<p>Al respecto Mauricio Lacabe, vocero de la Mesa Comunal de Educaci\u00f3n de Ancud, sostuvo que \u201cen nombre de todos los trabajadores, queremos agradecer al diputado Bernales por la gesti\u00f3n que realiz\u00f3, por este proyecto de resoluci\u00f3n que fue aprobado en la C\u00e1mara, situaci\u00f3n que ve\u00edamos muy complicada. Hicimos todas las gestiones que pudimos para que esto funcionara y lo logramos, es un gran paso, creemos que estamos en el camino correcto\u201d.<\/p>\n","protected":false},"excerpt":{"rendered":"<p>Deuda con maestros y asistentes de la educaci\u00f3n superar\u00eda los 10 mil millones de pesos<\/p>\n","protected":false},"author":1,"featured_media":5791,"comment_status":"closed","ping_status":"closed","sticky":false,"template":"","format":"standard","meta":{"footnotes":""},"categories":[3,11],"tags":[],"class_list":["post-5790","post","type-post","status-publish","format-standard","has-post-thumbnail","hentry","category-al-dia","category-educacion"],"_links":{"self":[{"href":"https:\/\/www.semanariolocal.cl\/index.php?rest_route=\/wp\/v2\/posts\/5790","targetHints":{"allow":["GET"]}}],"collection":[{"href":"https:\/\/www.semanariolocal.cl\/index.php?rest_route=\/wp\/v2\/posts"}],"about":[{"href":"https:\/\/www.semanariolocal.cl\/index.php?rest_route=\/wp\/v2\/types\/post"}],"author":[{"embeddable":true,"href":"https:\/\/www.semanariolocal.cl\/index.php?rest_route=\/wp\/v2\/users\/1"}],"replies":[{"embeddable":true,"href":"https:\/\/www.semanariolocal.cl\/index.php?rest_route=%2Fwp%2Fv2%2Fcomments&post=5790"}],"version-history":[{"count":1,"href":"https:\/\/www.semanariolocal.cl\/index.php?rest_route=\/wp\/v2\/posts\/5790\/revisions"}],"predecessor-version":[{"id":5792,"href":"https:\/\/www.semanariolocal.cl\/index.php?rest_route=\/wp\/v2\/posts\/5790\/revisions\/5792"}],"wp:featuredmedia":[{"embeddable":true,"href":"https:\/\/www.semanariolocal.cl\/index.php?rest_route=\/wp\/v2\/media\/5791"}],"wp:attachment":[{"href":"https:\/\/www.semanariolocal.cl\/index.php?rest_route=%2Fwp%2Fv2%2Fmedia&parent=5790"}],"wp:term":[{"taxonomy":"category","embeddable":true,"href":"https:\/\/www.semanariolocal.cl\/index.php?rest_route=%2Fwp%2Fv2%2Fcategories&post=5790"},{"taxonomy":"post_tag","embeddable":true,"href":"https:\/\/www.semanariolocal.cl\/index.php?rest_route=%2Fwp%2Fv2%2Ftags&post=5790"}],"curies":[{"name":"wp","href":"https:\/\/api.w.org\/{rel}","templated":true}]}}